{"id":29009,"date":"2022-10-10T16:49:07","date_gmt":"2022-10-10T20:49:07","guid":{"rendered":"http:\/\/elradar.info\/?p=29009"},"modified":"2024-02-01T12:14:42","modified_gmt":"2024-02-01T16:14:42","slug":"cabildos-minoritarios-en-la-ciudad-de-la-paz-y-cochabamba","status":"publish","type":"post","link":"https:\/\/elradar.info\/?p=29009","title":{"rendered":"<strong>Cabildos minoritarios en la ciudad de La Paz y Cochabamba<\/strong>"},"content":{"rendered":"\n<p>Al mediod\u00eda, en la ciudad de La Paz, se realiz\u00f3 una peque\u00f1a concentraci\u00f3n que comenz\u00f3 desde la avenida Montes y finaliz\u00f3 en la Plaza San Francisco. A pesar que se dijo que m\u00e1s de 30 sectores participen en el cabildo de la sede de Gobierno, se pudo ver la poca asistencia de personas y casi no afect\u00f3 al tr\u00e1fico vehicular.<\/p>\n\n\n\n<p>Francisco Figueroa y To\u00f1o Si\u00f1ani, dos dirigentes gremiales encabezaron la marcha y cabildo de esta tarde, donde expresaron su apoyo a la decisi\u00f3n y demandas del cabildo cruce\u00f1o. Para esta noche se prev\u00e9 una movilizaci\u00f3n en Cochabamba. Las \u201cplataformas ciudadanas\u201d convocaron a una concentraci\u00f3n en la Plaza de las Banderas donde en 2019 y 2020 se reun\u00edan diversos sectores a la cabeza de los motoqueros de la Resistencia Juvenil Cochala.&nbsp;<\/p>\n\n\n\n<p>Seg\u00fan el informe GIEI la Uni\u00f3n Juvenil Cruce\u00f1ista (UJC) y la Resistencia Juvenil Cochala (RJC) fueron calificadas de irregulares y parapoliciales cuando investig\u00f3 los hechos de 2019-2020.<\/p>\n","protected":false},"excerpt":{"rendered":"<p>Al mediod\u00eda, en la ciudad de La Paz, se realiz\u00f3 una peque\u00f1a concentraci\u00f3n que comenz\u00f3 desde la avenida Montes y finaliz\u00f3 en la Plaza San Francisco. A pesar que se dijo que m\u00e1s de 30 sectores participen en el cabildo de la sede de Gobierno, se pudo ver la poca asistencia de personas y casi no afect\u00f3 al tr\u00e1fico vehicular. Francisco Figueroa y To\u00f1o Si\u00f1ani, dos dirigentes gremiales encabezaron la marcha y cabildo de esta tarde, donde expresaron su apoyo a la decisi\u00f3n y demandas del cabildo cruce\u00f1o. Para esta noche se prev\u00e9 una movilizaci\u00f3n en Cochabamba. Las \u201cplataformas ciudadanas\u201d<\/p>\n","protected":false},"author":2,"featured_media":29011,"comment_status":"closed","ping_status":"open","sticky":false,"template":"","format":"standard","meta":{"_seopress_robots_primary_cat":"none","_seopress_titles_title":"","_seopress_titles_desc":"","_seopress_robots_index":"","_jetpack_memberships_contains_paid_content":false,"footnotes":""},"categories":[103],"tags":[4625,109,4624,313,4626,293,4628,4524,269,4627],"class_list":["post-29009","post","type-post","status-publish","format-standard","has-post-thumbnail","hentry","category-nacional","tag-avenida-montes","tag-bolivia","tag-cabildos-minoritarios","tag-cochabamba","tag-francisco-figueroa","tag-la-paz","tag-plataformas-ciudadanas","tag-plaza-san-francisco","tag-resistencia-juvenil-cochala","tag-tono-sinani"],"jetpack_featured_media_url":"https:\/\/elradar.info\/wp-content\/uploads\/2022\/10\/FB_IMG_1665432810968.jpg","jetpack_sharing_enabled":true,"amp_enabled":true,"_links":{"self":[{"href":"https:\/\/elradar.info\/index.php?rest_route=\/wp\/v2\/posts\/29009","targetHints":{"allow":["GET"]}}],"collection":[{"href":"https:\/\/elradar.info\/index.php?rest_route=\/wp\/v2\/posts"}],"about":[{"href":"https:\/\/elradar.info\/index.php?rest_route=\/wp\/v2\/types\/post"}],"author":[{"embeddable":true,"href":"https:\/\/elradar.info\/index.php?rest_route=\/wp\/v2\/users\/2"}],"replies":[{"embeddable":true,"href":"https:\/\/elradar.info\/index.php?rest_route=%2Fwp%2Fv2%2Fcomments&post=29009"}],"version-history":[{"count":1,"href":"https:\/\/elradar.info\/index.php?rest_route=\/wp\/v2\/posts\/29009\/revisions"}],"predecessor-version":[{"id":29012,"href":"https:\/\/elradar.info\/index.php?rest_route=\/wp\/v2\/posts\/29009\/revisions\/29012"}],"wp:featuredmedia":[{"embeddable":true,"href":"https:\/\/elradar.info\/index.php?rest_route=\/wp\/v2\/media\/29011"}],"wp:attachment":[{"href":"https:\/\/elradar.info\/index.php?rest_route=%2Fwp%2Fv2%2Fmedia&parent=29009"}],"wp:term":[{"taxonomy":"category","embeddable":true,"href":"https:\/\/elradar.info\/index.php?rest_route=%2Fwp%2Fv2%2Fcategories&post=29009"},{"taxonomy":"post_tag","embeddable":true,"href":"https:\/\/elradar.info\/index.php?rest_route=%2Fwp%2Fv2%2Ftags&post=29009"}],"curies":[{"name":"wp","href":"https:\/\/api.w.org\/{rel}","templated":true}]}}