{"id":29022,"date":"2022-10-10T18:34:37","date_gmt":"2022-10-10T22:34:37","guid":{"rendered":"http:\/\/elradar.info\/?p=29022"},"modified":"2024-02-01T12:14:42","modified_gmt":"2024-02-01T16:14:42","slug":"el-comite-interinstitucional-por-el-censo-de-poblacion-y-vivienda-se-niega-al-dialogo","status":"publish","type":"post","link":"https:\/\/elradar.info\/?p=29022","title":{"rendered":"<strong>El Comit\u00e9 Interinstitucional por el Censo de Poblaci\u00f3n y Vivienda se niega al di\u00e1logo<\/strong>"},"content":{"rendered":"\n<p>Pese a que el Gobierno nacional expres\u00f3 que est\u00e1 dispuesto a abrir las mesas de di\u00e1logo y conocer las propuestas t\u00e9cnicas, el Comit\u00e9 Interinstitucional anuncia que no asistir\u00e1 a mesa de di\u00e1logo por el Censo convocada por el gobierno central mientras no abroguen decreto supremo 4760. Ratifican paro indefinido si el decreto contin\u00faa en vigencia hasta el 21 de octubre.<\/p>\n\n\n\n<p>La determinaci\u00f3n se dio tras tres horas de reuni\u00f3n a puertas cerradas en predios de la Universidad Aut\u00f3noma Gabriel Ren\u00e9 Moreno (Uagrm); en el encuentro estuvo presente el Gobernador de Santa Cruz, Luis Fernando Camacho.&nbsp;<\/p>\n\n\n\n<p>La Viceministra de Comunicaci\u00f3n Gabriela Alc\u00f3n se\u00f1al\u00f3 que el decreto no puede ser abrogado y lamenta la actitud del comit\u00e9 interinstitucional de poner condiciones para asistir a la reuni\u00f3n de este martes, destaca que como gobierno est\u00e1n dispuestos al di\u00e1logo.&nbsp;<\/p>\n","protected":false},"excerpt":{"rendered":"<p>Pese a que el Gobierno nacional expres\u00f3 que est\u00e1 dispuesto a abrir las mesas de di\u00e1logo y conocer las propuestas t\u00e9cnicas, el Comit\u00e9 Interinstitucional anuncia que no asistir\u00e1 a mesa de di\u00e1logo por el Censo convocada por el gobierno central mientras no abroguen decreto supremo 4760. Ratifican paro indefinido si el decreto contin\u00faa en vigencia hasta el 21 de octubre. La determinaci\u00f3n se dio tras tres horas de reuni\u00f3n a puertas cerradas en predios de la Universidad Aut\u00f3noma Gabriel Ren\u00e9 Moreno (Uagrm); en el encuentro estuvo presente el Gobernador de Santa Cruz, Luis Fernando Camacho.&nbsp; La Viceministra de Comunicaci\u00f3n Gabriela<\/p>\n","protected":false},"author":2,"featured_media":29024,"comment_status":"closed","ping_status":"open","sticky":false,"template":"","format":"standard","meta":{"_seopress_robots_primary_cat":"none","_seopress_titles_title":"","_seopress_titles_desc":"","_seopress_robots_index":"","_jetpack_memberships_contains_paid_content":false,"footnotes":""},"categories":[103],"tags":[109,4392,4635,3673,138,708,235,456,395,167,3353],"class_list":["post-29022","post","type-post","status-publish","format-standard","has-post-thumbnail","hentry","category-nacional","tag-bolivia","tag-censo-nacional-de-poblacion-y-vivienda-2024","tag-comite-interinstitucional-por-el-censo","tag-decreto-supremo-4760","tag-gabriela-alcon","tag-gobierno-nacional","tag-luis-fernando-camacho","tag-reunion","tag-romulo-calvo","tag-santa-cruz","tag-uagrm"],"jetpack_featured_media_url":"https:\/\/elradar.info\/wp-content\/uploads\/2022\/10\/311573433_196455302831959_395442698333453219_n.jpg","jetpack_sharing_enabled":true,"amp_enabled":true,"_links":{"self":[{"href":"https:\/\/elradar.info\/index.php?rest_route=\/wp\/v2\/posts\/29022","targetHints":{"allow":["GET"]}}],"collection":[{"href":"https:\/\/elradar.info\/index.php?rest_route=\/wp\/v2\/posts"}],"about":[{"href":"https:\/\/elradar.info\/index.php?rest_route=\/wp\/v2\/types\/post"}],"author":[{"embeddable":true,"href":"https:\/\/elradar.info\/index.php?rest_route=\/wp\/v2\/users\/2"}],"replies":[{"embeddable":true,"href":"https:\/\/elradar.info\/index.php?rest_route=%2Fwp%2Fv2%2Fcomments&post=29022"}],"version-history":[{"count":1,"href":"https:\/\/elradar.info\/index.php?rest_route=\/wp\/v2\/posts\/29022\/revisions"}],"predecessor-version":[{"id":29025,"href":"https:\/\/elradar.info\/index.php?rest_route=\/wp\/v2\/posts\/29022\/revisions\/29025"}],"wp:featuredmedia":[{"embeddable":true,"href":"https:\/\/elradar.info\/index.php?rest_route=\/wp\/v2\/media\/29024"}],"wp:attachment":[{"href":"https:\/\/elradar.info\/index.php?rest_route=%2Fwp%2Fv2%2Fmedia&parent=29022"}],"wp:term":[{"taxonomy":"category","embeddable":true,"href":"https:\/\/elradar.info\/index.php?rest_route=%2Fwp%2Fv2%2Fcategories&post=29022"},{"taxonomy":"post_tag","embeddable":true,"href":"https:\/\/elradar.info\/index.php?rest_route=%2Fwp%2Fv2%2Ftags&post=29022"}],"curies":[{"name":"wp","href":"https:\/\/api.w.org\/{rel}","templated":true}]}}