{"id":29041,"date":"2022-10-11T11:51:24","date_gmt":"2022-10-11T15:51:24","guid":{"rendered":"http:\/\/elradar.info\/?p=29041"},"modified":"2024-02-01T12:14:42","modified_gmt":"2024-02-01T16:14:42","slug":"aniversario-de-pando","status":"publish","type":"post","link":"https:\/\/elradar.info\/?p=29041","title":{"rendered":"<strong>Aniversario de Pando<\/strong>"},"content":{"rendered":"\n<p>El 11 de octubre se recuerdan los 120 a\u00f1os de la Batalla de Bah\u00eda, que se celebra en conmemoraci\u00f3n al ep\u00edlogo de la Guerra del Acre, que protagonizaron Bolivia y Brasil.&nbsp;<\/p>\n\n\n\n<p>Un escuadr\u00f3n de combatientes denominada \u2018Columna Porvenir\u2019, integrada entre ellos por tacanas y siringueros, luch\u00f3 contra fuerzas brasile\u00f1as que pretend\u00edan ocupar y reclamar el territorio como suyo. Entre los impulsores y miembros destacados de la \u2018Columna Porvenir\u2019 estaban el ind\u00edgena explorador Bruno Racua, el empresario Nicol\u00e1s Suarez, Gonzalo Moreno, Federico Rom\u00e1n y Manuel Bazt\u00e1n.<\/p>\n\n\n\n<p>El departamento de Pando fue fundado el 24 de septiembre de 1938 por el presidente Germ\u00e1n Busch con el objetivo de defender las fronteras bolivianas, sin embargo enfatizan la celebraci\u00f3n del 11 de octubre como la principal fecha c\u00edvica de Pando. Es el departamento m\u00e1s joven del Estado Plurinacional de Bolivia, es el coraz\u00f3n de la Amazon\u00eda y est\u00e1 ubicado en la parte noroeste del pa\u00eds; limitando con Brasil al norte y Per\u00fa al oeste.<\/p>\n","protected":false},"excerpt":{"rendered":"<p>El 11 de octubre se recuerdan los 120 a\u00f1os de la Batalla de Bah\u00eda, que se celebra en conmemoraci\u00f3n al ep\u00edlogo de la Guerra del Acre, que protagonizaron Bolivia y Brasil.&nbsp; Un escuadr\u00f3n de combatientes denominada \u2018Columna Porvenir\u2019, integrada entre ellos por tacanas y siringueros, luch\u00f3 contra fuerzas brasile\u00f1as que pretend\u00edan ocupar y reclamar el territorio como suyo. Entre los impulsores y miembros destacados de la \u2018Columna Porvenir\u2019 estaban el ind\u00edgena explorador Bruno Racua, el empresario Nicol\u00e1s Suarez, Gonzalo Moreno, Federico Rom\u00e1n y Manuel Bazt\u00e1n. El departamento de Pando fue fundado el 24 de septiembre de 1938 por el presidente<\/p>\n","protected":false},"author":2,"featured_media":29043,"comment_status":"closed","ping_status":"open","sticky":false,"template":"","format":"standard","meta":{"_seopress_robots_primary_cat":"none","_seopress_titles_title":"","_seopress_titles_desc":"","_seopress_robots_index":"","_jetpack_memberships_contains_paid_content":false,"footnotes":""},"categories":[103],"tags":[4641,4642,4643,109,977,4644,2342],"class_list":["post-29041","post","type-post","status-publish","format-standard","has-post-thumbnail","hentry","category-nacional","tag-11-de-octubre","tag-120-anos","tag-batalla-de-bahia","tag-bolivia","tag-brasil","tag-guerra-del-acre","tag-pando"],"jetpack_featured_media_url":"https:\/\/elradar.info\/wp-content\/uploads\/2022\/10\/f_2017-10-12_51-1.jpg","jetpack_sharing_enabled":true,"amp_enabled":true,"_links":{"self":[{"href":"https:\/\/elradar.info\/index.php?rest_route=\/wp\/v2\/posts\/29041","targetHints":{"allow":["GET"]}}],"collection":[{"href":"https:\/\/elradar.info\/index.php?rest_route=\/wp\/v2\/posts"}],"about":[{"href":"https:\/\/elradar.info\/index.php?rest_route=\/wp\/v2\/types\/post"}],"author":[{"embeddable":true,"href":"https:\/\/elradar.info\/index.php?rest_route=\/wp\/v2\/users\/2"}],"replies":[{"embeddable":true,"href":"https:\/\/elradar.info\/index.php?rest_route=%2Fwp%2Fv2%2Fcomments&post=29041"}],"version-history":[{"count":1,"href":"https:\/\/elradar.info\/index.php?rest_route=\/wp\/v2\/posts\/29041\/revisions"}],"predecessor-version":[{"id":29044,"href":"https:\/\/elradar.info\/index.php?rest_route=\/wp\/v2\/posts\/29041\/revisions\/29044"}],"wp:featuredmedia":[{"embeddable":true,"href":"https:\/\/elradar.info\/index.php?rest_route=\/wp\/v2\/media\/29043"}],"wp:attachment":[{"href":"https:\/\/elradar.info\/index.php?rest_route=%2Fwp%2Fv2%2Fmedia&parent=29041"}],"wp:term":[{"taxonomy":"category","embeddable":true,"href":"https:\/\/elradar.info\/index.php?rest_route=%2Fwp%2Fv2%2Fcategories&post=29041"},{"taxonomy":"post_tag","embeddable":true,"href":"https:\/\/elradar.info\/index.php?rest_route=%2Fwp%2Fv2%2Ftags&post=29041"}],"curies":[{"name":"wp","href":"https:\/\/api.w.org\/{rel}","templated":true}]}}