{"id":29050,"date":"2022-10-11T12:38:03","date_gmt":"2022-10-11T16:38:03","guid":{"rendered":"http:\/\/elradar.info\/?p=29050"},"modified":"2024-02-01T12:14:42","modified_gmt":"2024-02-01T16:14:42","slug":"arce-celebra-el-aniversario-de-pando-con-obras","status":"publish","type":"post","link":"https:\/\/elradar.info\/?p=29050","title":{"rendered":"<strong>Arce celebra el aniversario de Pando con obras<\/strong>"},"content":{"rendered":"\n<p>El presidente del Estado, Luis Arce, rinde homenaje al departamento de Pando en conmemoraci\u00f3n de los 120 a\u00f1os de la Batalla de Bah\u00eda con la entrega de varias obras entre ellas: la inauguraci\u00f3n de una unidad educativa, la ampliaci\u00f3n de un sistema de agua potable, la entrega de equipos m\u00e9dicos y la ampliaci\u00f3n de l\u00edneas el\u00e9ctricas.&nbsp;<\/p>\n\n\n\n<p>Por la ma\u00f1ana, el Presidente estuvo en el municipio de Bella Flor, donde inaugur\u00f3 la unidad educativa Villa Amaz\u00f3nica. La moderna infraestructura consta de cuatro m\u00f3dulos. Ambientes para la direcci\u00f3n, secretar\u00eda y \u00e1rea administrativa, multicentro y sala de estar.<\/p>\n\n\n\n<p>Cerca del mediod\u00eda se traslad\u00f3 hasta el municipio de San Lorenzo, donde entreg\u00f3 la ampliaci\u00f3n del sistema de agua potable que demand\u00f3 una inversi\u00f3n de m\u00e1s de Bs 2 millones. La obra beneficiar\u00e1 con la dotaci\u00f3n de agua potable a m\u00e1s de 900 habitantes de las comunidades ind\u00edgenas cavive\u00f1as de Galilea, Loreto y San Salvador, en el municipio de San Lorenzo.<\/p>\n\n\n\n<p>En la ocasi\u00f3n, el Jefe de Estado anunci\u00f3 tambi\u00e9n que el Gobierno construir\u00e1 un puente en el municipio como lo demanda la poblaci\u00f3n de San Lorenzo.<\/p>\n\n\n\n<p><em>\u201cEs una obra muy anhelada, una obra muy necesitada y nosotros venimos y les decimos aqu\u00ed est\u00e1 su Gobierno nacional que vamos hacer obras para el pueblo del municipio de San Lorenzo y para su departamento de Pando\u201d<\/em>, sostuvo.<\/p>\n\n\n\n<p>Ya por la tarde entreg\u00f3 la ampliaci\u00f3n y renovaci\u00f3n de l\u00edneas el\u00e9ctricas en media y baja tensi\u00f3n del sistema de distribuci\u00f3n en el municipio de Gonzalo Moreno. El proyecto fue encarado por la Empresa Nacional de Electricidad (ENDE) y beneficia a los pobladores de las comunidades de Las Piedras, Gonzalo Moreno, Agua Dulce, Candelaria, Miraflores, San Carlos, Frontera, Buen Futuro, 21 de Septiembre y Portachuelo.<\/p>\n\n\n\n<p>El presidente tambi\u00e9n entreg\u00f3 un lote de medicamentos, insumos y equipos m\u00e9dicos a municipios del departamento de Pando, en el marco del fortalecimiento del Sistema \u00danico de Salud (SUS).<\/p>\n\n\n\n<p>Anunci\u00f3 que se construyen hospitales y centros de salud en varios municipios del pa\u00eds para dotar de todos los elementos necesarios para hacer una buena gesti\u00f3n, pero por sobre todo salvar muchas vidas de los bolivianos.<\/p>\n\n\n\n<figure class=\"wp-block-gallery has-nested-images columns-default is-cropped wp-block-gallery-1 is-layout-flex wp-block-gallery-is-layout-flex\">\n<figure class=\"wp-block-image size-large\"><img loading=\"lazy\" decoding=\"async\" width=\"596\" height=\"815\" data-id=\"29052\" src=\"https:\/\/elradar.info\/wp-content\/uploads\/2022\/10\/photo_2022-10-10_17-30-56.jpg\" alt=\"\" class=\"wp-image-29052\" srcset=\"https:\/\/elradar.info\/wp-content\/uploads\/2022\/10\/photo_2022-10-10_17-30-56.jpg 596w, https:\/\/elradar.info\/wp-content\/uploads\/2022\/10\/photo_2022-10-10_17-30-56-219x300.jpg 219w, https:\/\/elradar.info\/wp-content\/uploads\/2022\/10\/photo_2022-10-10_17-30-56-480x656.jpg 480w\" sizes=\"auto, (max-width: 596px) 100vw, 596px\" \/><\/figure>\n\n\n\n<figure class=\"wp-block-image size-large\"><img loading=\"lazy\" decoding=\"async\" width=\"1024\" height=\"682\" data-id=\"29053\" src=\"https:\/\/elradar.info\/wp-content\/uploads\/2022\/10\/photo_2022-10-10_15-09-08-1024x682.jpg\" alt=\"\" class=\"wp-image-29053\" srcset=\"https:\/\/elradar.info\/wp-content\/uploads\/2022\/10\/photo_2022-10-10_15-09-08-1024x682.jpg 1024w, https:\/\/elradar.info\/wp-content\/uploads\/2022\/10\/photo_2022-10-10_15-09-08-300x200.jpg 300w, https:\/\/elradar.info\/wp-content\/uploads\/2022\/10\/photo_2022-10-10_15-09-08-768x512.jpg 768w, https:\/\/elradar.info\/wp-content\/uploads\/2022\/10\/photo_2022-10-10_15-09-08-720x480.jpg 720w, https:\/\/elradar.info\/wp-content\/uploads\/2022\/10\/photo_2022-10-10_15-09-08-480x320.jpg 480w, https:\/\/elradar.info\/wp-content\/uploads\/2022\/10\/photo_2022-10-10_15-09-08.jpg 1280w\" sizes=\"auto, (max-width: 1024px) 100vw, 1024px\" \/><\/figure>\n<\/figure>\n","protected":false},"excerpt":{"rendered":"<p>El presidente del Estado, Luis Arce, rinde homenaje al departamento de Pando en conmemoraci\u00f3n de los 120 a\u00f1os de la Batalla de Bah\u00eda con la entrega de varias obras entre ellas: la inauguraci\u00f3n de una unidad educativa, la ampliaci\u00f3n de un sistema de agua potable, la entrega de equipos m\u00e9dicos y la ampliaci\u00f3n de l\u00edneas el\u00e9ctricas.&nbsp; Por la ma\u00f1ana, el Presidente estuvo en el municipio de Bella Flor, donde inaugur\u00f3 la unidad educativa Villa Amaz\u00f3nica. La moderna infraestructura consta de cuatro m\u00f3dulos. Ambientes para la direcci\u00f3n, secretar\u00eda y \u00e1rea administrativa, multicentro y sala de estar. Cerca del mediod\u00eda se traslad\u00f3<\/p>\n","protected":false},"author":2,"featured_media":29054,"comment_status":"closed","ping_status":"open","sticky":false,"template":"","format":"standard","meta":{"_seopress_robots_primary_cat":"none","_seopress_titles_title":"","_seopress_titles_desc":"","_seopress_robots_index":"","_jetpack_memberships_contains_paid_content":false,"footnotes":""},"categories":[103],"tags":[4642,4643,4646,109,1070,708,1182,120,2342,1181],"class_list":["post-29050","post","type-post","status-publish","format-standard","has-post-thumbnail","hentry","category-nacional","tag-120-anos","tag-batalla-de-bahia","tag-bella-flor","tag-bolivia","tag-entrega-de-obras","tag-gobierno-nacional","tag-inversion","tag-luis-arce-catacora","tag-pando","tag-san-lorenzo"],"jetpack_featured_media_url":"https:\/\/elradar.info\/wp-content\/uploads\/2022\/10\/photo_2022-10-10_16-33-12.jpg","jetpack_sharing_enabled":true,"amp_enabled":true,"_links":{"self":[{"href":"https:\/\/elradar.info\/index.php?rest_route=\/wp\/v2\/posts\/29050","targetHints":{"allow":["GET"]}}],"collection":[{"href":"https:\/\/elradar.info\/index.php?rest_route=\/wp\/v2\/posts"}],"about":[{"href":"https:\/\/elradar.info\/index.php?rest_route=\/wp\/v2\/types\/post"}],"author":[{"embeddable":true,"href":"https:\/\/elradar.info\/index.php?rest_route=\/wp\/v2\/users\/2"}],"replies":[{"embeddable":true,"href":"https:\/\/elradar.info\/index.php?rest_route=%2Fwp%2Fv2%2Fcomments&post=29050"}],"version-history":[{"count":1,"href":"https:\/\/elradar.info\/index.php?rest_route=\/wp\/v2\/posts\/29050\/revisions"}],"predecessor-version":[{"id":29055,"href":"https:\/\/elradar.info\/index.php?rest_route=\/wp\/v2\/posts\/29050\/revisions\/29055"}],"wp:featuredmedia":[{"embeddable":true,"href":"https:\/\/elradar.info\/index.php?rest_route=\/wp\/v2\/media\/29054"}],"wp:attachment":[{"href":"https:\/\/elradar.info\/index.php?rest_route=%2Fwp%2Fv2%2Fmedia&parent=29050"}],"wp:term":[{"taxonomy":"category","embeddable":true,"href":"https:\/\/elradar.info\/index.php?rest_route=%2Fwp%2Fv2%2Fcategories&post=29050"},{"taxonomy":"post_tag","embeddable":true,"href":"https:\/\/elradar.info\/index.php?rest_route=%2Fwp%2Fv2%2Ftags&post=29050"}],"curies":[{"name":"wp","href":"https:\/\/api.w.org\/{rel}","templated":true}]}}