{"id":29093,"date":"2022-10-12T10:06:04","date_gmt":"2022-10-12T14:06:04","guid":{"rendered":"http:\/\/elradar.info\/?p=29093"},"modified":"2024-02-01T12:14:41","modified_gmt":"2024-02-01T16:14:41","slug":"el-espiritu-de-confusion-que-llego-el-12-de-octubre-de-1492","status":"publish","type":"post","link":"https:\/\/elradar.info\/?p=29093","title":{"rendered":"El Esp\u00edritu de Confusi\u00f3n que lleg\u00f3 el 12 de octubre de 1492"},"content":{"rendered":"\n<p>Por: Freddy Magno Mamani Mollo<\/p>\n\n\n\n<p>Amawta y Experto en Derechos de los Pueblos Ind\u00edgenas<\/p>\n\n\n\n<p><\/p>\n\n\n\n<p>Cuando Col\u00f3n llega al Abya Yala (Am\u00e9rica) ya hab\u00eda registros de navegantes que hab\u00edan encontrado otros territorios, tales como vikingos y su poblaci\u00f3n en <em>Vinland<\/em> all\u00e1 por el a\u00f1o 1021 (L&#8217;Anse aux Meadows-Canad\u00e1) o las incursiones del almirante Zhen He y su flota naval, tal como indica el libro de &#8220;1421: el a\u00f1o en que China descubri\u00f3 el mundo&#8221; de Gavin Menzies. Aunque estas son consideradas informaci\u00f3n que faltan a la rigurosidad acad\u00e9mica es pertinente se\u00f1alarlos para romper la noci\u00f3n historiogr\u00e1fica moderna euroc\u00e9ntrica.<\/p>\n\n\n\n<p>Lo se\u00f1alado somete a interpelaci\u00f3n las formas de comprendernos bajo el canon euroc\u00e9ntrico que genera confusiones, contradicciones y presupuestos irresolutos. Estas cuestiones irresueltas, son la base de prejuicios de aquellos que enarbolan derroteros de un <em>establishment<\/em> moderno pero que a\u00fan es inconcluso y cuyo culpable siempre fue el <em>indio salvaje e incivilizado. <\/em>En nuestro caso -en toda la Rep\u00fablica boliviana- siempre tuvo la culpa, el indio y la india, el colla, el pobre, el ind\u00edgena por el fracaso estatal. Dicho esp\u00edritu de confusi\u00f3n es anacr\u00f3nico hasta ahora.<\/p>\n\n\n\n<p>En ese sentido, lo anterior devela la contradicci\u00f3n performativa de la propia constitutividad de la sociedad boliviana que tiene como antecedente a 1492 (y en el <em>Tawantinsuyu<\/em>, 1532). Es decir, esa contradicci\u00f3n inherente a la propia formaci\u00f3n de lo que fuese lo boliviano que se podr\u00eda reducir en <strong>\u201c<\/strong><em><strong>tratar de ser aquello que no se Es y despreciar -odiar- aquello que realmente se Es<\/strong><\/em><strong>\u201d <\/strong>\u00a1Qu\u00e9 confusi\u00f3n!<\/p>\n\n\n\n<p>Lo anterior es conocido como la <strong>dial\u00e9ctica del Amo y del Esclavo<\/strong> que b\u00e1sicamente ser\u00eda que el \u201c<em>siervo, como no es capaz de pensar por s\u00ed mismo, se siente siempre en la necesidad de estar bajo la aprobaci\u00f3n del amo, y por eso mismo <\/em><em><strong>el siervo, esclavo o dominado, sabe en lo profundo de su interior que no es igual que el amo<\/strong><\/em><em>, por eso le admira, lo respeta y venera. \u00a1C\u00f3mo no quisiera ser como \u00e9l!\u201d<\/em>. Es decir que; el querer ser considerado civilizado seg\u00fan los par\u00e1metros de lo que fuese lo humano desde la \u00f3ptica Moderna, no reflexiona que esos conceptos y categor\u00edas son impuestas por el dominador y su concreci\u00f3n solo reproducir\u00eda el circulo de maldad y dolor, que hasta ahora se viene arrastrando por ambas partes del conflicto.<\/p>\n\n\n\n<p>Un caso ejemplar al respecto es el de la nariz rota de una estatua de Colon en el Paseo del Prado de la ciudad La Paz (Bolivia). Donde muchos -con conciencia colonial- se reconocieron como afectados por dicho acto. Pero los argumentos esgrimidos, tales como que es un patrimonio intangible, son irrisorios y pueblerinos &#8211;<em>k\u00b4ara<\/em> dir\u00eda yo- pues que m\u00e1s se puede esperar de una sociedad como la pace\u00f1a que se desgarra las vestiduras ante un Indio Rebelde (que trae a su memoria el trauma del cerco de 1781) y que felicita a todo aquel que niega su contenido hist\u00f3rico-pol\u00edtico y se asemeja a los \u201ccivilizados\u201d, es decir, al indio servil y domesticado.<\/p>\n\n\n\n<p>Todas esas respuestas reaccionarias de los <em>k\u00b4aras<\/em> solo tratan de invisibilizar, impulsar el esp\u00edritu de confusi\u00f3n y desconocer que nuestro pueblo proveniente de la resistencia anticolonial de 500 a\u00f1os proponga una referencia m\u00edtica como lo es el \u201cVivir Bien\u201d, y que a trav\u00e9s de este se vaya estableciendo algunos criterios de lo que fuere descolonizaci\u00f3n, la plurinacionalidad y en s\u00ed, la <em>cosmovivencia<\/em> y crianza mutua con la <em>Pachamama<\/em>-Madre Tierra\/Madre Infinito.<\/p>\n\n\n\n<p>En ese sentido, <em><strong>el 12 de octubre de 1492, es el inicio de la concreci\u00f3n del esp\u00edritu de confusi\u00f3n donde todo debe estar de cabeza, pues es capaz de sacrificar nuestra \u00e9tica, nuestra espiritualidad y a nuestro propio pueblo, por la confusi\u00f3n inmanente<\/strong><\/em>. Lo lamentable es que \u00e9sta concepci\u00f3n no cambiar\u00e1, pues, para cambiar se requiere la producci\u00f3n de una fenomenolog\u00eda existencial del o de lo que fuese lo boliviano (latinoamericano), para superar -aunque en apariencia- la dial\u00e9ctica mencionada. Cosa que en mucho tiempo no pasar\u00e1.<\/p>\n\n\n\n<p>Mientras tanto la profundizaci\u00f3n real de las formas de producci\u00f3n propias (material e inmateriales), haciendo praxis <em>real<\/em> y productiva, basados en principios, tan sencillos como el Ayni (la colaboraci\u00f3n reciproca), etc., que demarquen la principal soberan\u00eda, la cual es la alimentaria y la h\u00eddrica (tierra y territorio) se deja de lado, pues ese <em>esp\u00edritu<\/em> <em>de<\/em> <em>confusi\u00f3n<\/em> ha calado hasta al <em>propio<\/em> <em>indio<\/em>.<\/p>\n\n\n\n<p><\/p>\n","protected":false},"excerpt":{"rendered":"<p>Por: Freddy Magno Mamani Mollo Amawta y Experto en Derechos de los Pueblos Ind\u00edgenas Cuando Col\u00f3n llega al Abya Yala (Am\u00e9rica) ya hab\u00eda registros de navegantes que hab\u00edan encontrado otros territorios, tales como vikingos y su poblaci\u00f3n en Vinland all\u00e1 por el a\u00f1o 1021 (L&#8217;Anse aux Meadows-Canad\u00e1) o las incursiones del almirante Zhen He y su flota naval, tal como indica el libro de &#8220;1421: el a\u00f1o en que China descubri\u00f3 el mundo&#8221; de Gavin Menzies. Aunque estas son consideradas informaci\u00f3n que faltan a la rigurosidad acad\u00e9mica es pertinente se\u00f1alarlos para romper la noci\u00f3n historiogr\u00e1fica moderna euroc\u00e9ntrica. Lo se\u00f1alado somete<\/p>\n","protected":false},"author":2,"featured_media":29097,"comment_status":"closed","ping_status":"open","sticky":false,"template":"","format":"standard","meta":{"_seopress_robots_primary_cat":"none","_seopress_titles_title":"","_seopress_titles_desc":"","_seopress_robots_index":"","_jetpack_memberships_contains_paid_content":false,"footnotes":""},"categories":[103],"tags":[1416,4659,4244,109,4660,4260,175],"class_list":["post-29093","post","type-post","status-publish","format-standard","has-post-thumbnail","hentry","category-nacional","tag-12-de-octubre","tag-4659","tag-abya-yala","tag-bolivia","tag-cristobal-colon","tag-freddy-magno-mamani-mollo","tag-opinion"],"jetpack_featured_media_url":"https:\/\/elradar.info\/wp-content\/uploads\/2022\/10\/9146763a91d4b14bc6d272761b46246a.png","jetpack_sharing_enabled":true,"amp_enabled":true,"_links":{"self":[{"href":"https:\/\/elradar.info\/index.php?rest_route=\/wp\/v2\/posts\/29093","targetHints":{"allow":["GET"]}}],"collection":[{"href":"https:\/\/elradar.info\/index.php?rest_route=\/wp\/v2\/posts"}],"about":[{"href":"https:\/\/elradar.info\/index.php?rest_route=\/wp\/v2\/types\/post"}],"author":[{"embeddable":true,"href":"https:\/\/elradar.info\/index.php?rest_route=\/wp\/v2\/users\/2"}],"replies":[{"embeddable":true,"href":"https:\/\/elradar.info\/index.php?rest_route=%2Fwp%2Fv2%2Fcomments&post=29093"}],"version-history":[{"count":1,"href":"https:\/\/elradar.info\/index.php?rest_route=\/wp\/v2\/posts\/29093\/revisions"}],"predecessor-version":[{"id":29096,"href":"https:\/\/elradar.info\/index.php?rest_route=\/wp\/v2\/posts\/29093\/revisions\/29096"}],"wp:featuredmedia":[{"embeddable":true,"href":"https:\/\/elradar.info\/index.php?rest_route=\/wp\/v2\/media\/29097"}],"wp:attachment":[{"href":"https:\/\/elradar.info\/index.php?rest_route=%2Fwp%2Fv2%2Fmedia&parent=29093"}],"wp:term":[{"taxonomy":"category","embeddable":true,"href":"https:\/\/elradar.info\/index.php?rest_route=%2Fwp%2Fv2%2Fcategories&post=29093"},{"taxonomy":"post_tag","embeddable":true,"href":"https:\/\/elradar.info\/index.php?rest_route=%2Fwp%2Fv2%2Ftags&post=29093"}],"curies":[{"name":"wp","href":"https:\/\/api.w.org\/{rel}","templated":true}]}}