{"id":29150,"date":"2022-10-12T18:29:59","date_gmt":"2022-10-12T22:29:59","guid":{"rendered":"http:\/\/elradar.info\/?p=29150"},"modified":"2024-02-01T12:14:40","modified_gmt":"2024-02-01T16:14:40","slug":"aficionados-agreden-al-presentador-de-tigo-sports-pablo-fernandez-en-el-aeropuerto-de-el-alto","status":"publish","type":"post","link":"https:\/\/elradar.info\/?p=29150","title":{"rendered":"<strong>Aficionados agreden al presentador de Tigo Sports, Pablo Fern\u00e1ndez, en el aeropuerto de El Alto<\/strong>"},"content":{"rendered":"\n<p>Un grupo de aficionados al f\u00fatbol atac\u00f3 este mi\u00e9rcoles al presentador de Tigo Sports, Pablo Fern\u00e1ndez, en la puerta del Aeropuerto Internacional de El Alto. Al verlo, lanzaron botellas y otros objetos al periodista de Tigo Sports.<\/p>\n\n\n\n<p>La polic\u00eda intent\u00f3 resguardar a Fern\u00e1ndez, pero las personas alegaron<em>: \u201ctenemos derecho a protestar, por qu\u00e9 llega a la ciudad de El Alto este discriminador\u201d.<\/em><\/p>\n\n\n\n<p>Desde la salida del aeropuerto, hasta el momento en el que abord\u00f3 un taxi, el presentador fue agredido con insultos. \u201c\u00a1Racista cab&#8230;! \u00a1Fuera car&#8230;! Todav\u00eda llegas a la ciudad de El Alto, cab&#8230; \u00bfQu\u00e9 haces aqu\u00ed hue&#8230;?\u201d, se escucha en los videos que circulan en redes sociales.<\/p>\n\n\n\n<p>Lo pol\u00e9mica se inici\u00f3 luego de las declaraciones del presidente del club alte\u00f1o Always Ready, Andr\u00e9s Costa, quien \u2013tras la derrota de su equipo frente a The Strongest por 3-1\u2013 dijo <em>\u201chay un c\u00f3mico (Pablo) que es el sabelotodo de f\u00fatbol en nuestro pa\u00eds, dejaremos que \u00e9l analice\u201d.<\/em><\/p>\n\n\n\n<p>Las declaraciones de Costa contra Fern\u00e1ndez continuaron, en sentido de que \u00e9ste \u00faltimo no respeta a las instituciones pace\u00f1as. <em>\u201cSe nos vive faltando al respeto, sobre todo en esa cadena (en la que trabaja Fern\u00e1ndez)\u201d.<\/em><\/p>\n\n\n\n<p>Antes de estas declaraciones, Fern\u00e1ndez dijo en un cl\u00e1sico cruce\u00f1o que<em> \u201cel cl\u00e1sico cruce\u00f1o no tiene nada que envidiarle a ning\u00fan cl\u00e1sico del mundo, y hoy est\u00e1 por encima de un Boca-River\u201d.<\/em><\/p>\n\n\n\n<figure class=\"wp-block-video\"><video controls src=\"https:\/\/elradar.info\/wp-content\/uploads\/2022\/10\/311703767_621482923036076_7623736198087923500_n.mp4\"><\/video><\/figure>\n","protected":false},"excerpt":{"rendered":"<p>Un grupo de aficionados al f\u00fatbol atac\u00f3 este mi\u00e9rcoles al presentador de Tigo Sports, Pablo Fern\u00e1ndez, en la puerta del Aeropuerto Internacional de El Alto. Al verlo, lanzaron botellas y otros objetos al periodista de Tigo Sports. La polic\u00eda intent\u00f3 resguardar a Fern\u00e1ndez, pero las personas alegaron: \u201ctenemos derecho a protestar, por qu\u00e9 llega a la ciudad de El Alto este discriminador\u201d. Desde la salida del aeropuerto, hasta el momento en el que abord\u00f3 un taxi, el presentador fue agredido con insultos. \u201c\u00a1Racista cab&#8230;! \u00a1Fuera car&#8230;! Todav\u00eda llegas a la ciudad de El Alto, cab&#8230; \u00bfQu\u00e9 haces aqu\u00ed hue&#8230;?\u201d, se<\/p>\n","protected":false},"author":2,"featured_media":29153,"comment_status":"closed","ping_status":"open","sticky":false,"template":"","format":"standard","meta":{"_seopress_robots_primary_cat":"none","_seopress_titles_title":"","_seopress_titles_desc":"","_seopress_robots_index":"","_jetpack_memberships_contains_paid_content":false,"footnotes":""},"categories":[103],"tags":[4680,2476,109,401,4678,4679],"class_list":["post-29150","post","type-post","status-publish","format-standard","has-post-thumbnail","hentry","category-nacional","tag-aeropuerto-de-el-alto","tag-agresion","tag-bolivia","tag-el-alto","tag-pablo-fernandez","tag-tigo-sports"],"jetpack_featured_media_url":"https:\/\/elradar.info\/wp-content\/uploads\/2022\/10\/pablo1210.png","jetpack_sharing_enabled":true,"amp_enabled":true,"_links":{"self":[{"href":"https:\/\/elradar.info\/index.php?rest_route=\/wp\/v2\/posts\/29150","targetHints":{"allow":["GET"]}}],"collection":[{"href":"https:\/\/elradar.info\/index.php?rest_route=\/wp\/v2\/posts"}],"about":[{"href":"https:\/\/elradar.info\/index.php?rest_route=\/wp\/v2\/types\/post"}],"author":[{"embeddable":true,"href":"https:\/\/elradar.info\/index.php?rest_route=\/wp\/v2\/users\/2"}],"replies":[{"embeddable":true,"href":"https:\/\/elradar.info\/index.php?rest_route=%2Fwp%2Fv2%2Fcomments&post=29150"}],"version-history":[{"count":1,"href":"https:\/\/elradar.info\/index.php?rest_route=\/wp\/v2\/posts\/29150\/revisions"}],"predecessor-version":[{"id":29154,"href":"https:\/\/elradar.info\/index.php?rest_route=\/wp\/v2\/posts\/29150\/revisions\/29154"}],"wp:featuredmedia":[{"embeddable":true,"href":"https:\/\/elradar.info\/index.php?rest_route=\/wp\/v2\/media\/29153"}],"wp:attachment":[{"href":"https:\/\/elradar.info\/index.php?rest_route=%2Fwp%2Fv2%2Fmedia&parent=29150"}],"wp:term":[{"taxonomy":"category","embeddable":true,"href":"https:\/\/elradar.info\/index.php?rest_route=%2Fwp%2Fv2%2Fcategories&post=29150"},{"taxonomy":"post_tag","embeddable":true,"href":"https:\/\/elradar.info\/index.php?rest_route=%2Fwp%2Fv2%2Ftags&post=29150"}],"curies":[{"name":"wp","href":"https:\/\/api.w.org\/{rel}","templated":true}]}}