{"id":29221,"date":"2022-10-13T19:43:12","date_gmt":"2022-10-13T23:43:12","guid":{"rendered":"http:\/\/elradar.info\/?p=29221"},"modified":"2024-02-01T12:14:39","modified_gmt":"2024-02-01T16:14:39","slug":"gualberto-arispe-llamo-kolo-a-eduardo-del-castillo-por-llevar-el-cabello-largo","status":"publish","type":"post","link":"https:\/\/elradar.info\/?p=29221","title":{"rendered":"<strong>Gualberto Arispe llam\u00f3 k\u2019olo a Eduardo Del Castillo por llevar el cabello largo<\/strong>"},"content":{"rendered":"\n<p>Ayer, durante una conferencia de prensa, el jefe de bancada del MAS, Gualberto Arispe, se refiri\u00f3 al ministro de Gobierno, Eduardo Del Castillo, como \u201ck\u2019olo\u201d y \u201ccabr\u00f3n\u201d, haciendo alusi\u00f3n a la \u00e9poca en la que este llevaba el cabello largo, un t\u00e9rmino despectivo y discriminatorio, sobre todo porque el cabello largo forma un importante aspecto de la identidad en muchas culturas originarias.<\/p>\n\n\n\n<p><em>\u201cEn el pasado cuando era \u2018k\u2019olo\u2019, perd\u00f3n, cuando ten\u00eda cabellos largos, que nos diga si en el pasado ha denunciado la corrupci\u00f3n como en YPFB ha sido castigado, sancionado Santos Ram\u00edrez. \u00bfPor qu\u00e9 ahora se mira de palco la corrupci\u00f3n que hay en Obras P\u00fablicas?\u201d<\/em>, dijo Arispe.<\/p>\n\n\n\n<p>Estas palabras parecen haber sido vertidas en respuesta a la aseveraci\u00f3n del ministro de gobierno, quien asegur\u00f3 con cifras, que Luis Arce es el presidente con mayor votaci\u00f3n en la historia de Bolivia.<\/p>\n\n\n\n<p>Ante las desatinadas declaraciones de Arispe, la respuesta de Del Castillo fue publicar en sus redes sociales una foto de cuando llevaba el cabello largo, como un modo de respuesta silenciosa a las cr\u00edticas recibidas.<\/p>\n","protected":false},"excerpt":{"rendered":"<p>Ayer, durante una conferencia de prensa, el jefe de bancada del MAS, Gualberto Arispe, se refiri\u00f3 al ministro de Gobierno, Eduardo Del Castillo, como \u201ck\u2019olo\u201d y \u201ccabr\u00f3n\u201d, haciendo alusi\u00f3n a la \u00e9poca en la que este llevaba el cabello largo, un t\u00e9rmino despectivo y discriminatorio, sobre todo porque el cabello largo forma un importante aspecto de la identidad en muchas culturas originarias. \u201cEn el pasado cuando era \u2018k\u2019olo\u2019, perd\u00f3n, cuando ten\u00eda cabellos largos, que nos diga si en el pasado ha denunciado la corrupci\u00f3n como en YPFB ha sido castigado, sancionado Santos Ram\u00edrez. \u00bfPor qu\u00e9 ahora se mira de palco<\/p>\n","protected":false},"author":2,"featured_media":29223,"comment_status":"closed","ping_status":"open","sticky":false,"template":"","format":"standard","meta":{"_seopress_robots_primary_cat":"none","_seopress_titles_title":"","_seopress_titles_desc":"","_seopress_robots_index":"","_jetpack_memberships_contains_paid_content":false,"footnotes":""},"categories":[103],"tags":[109,129,2103,293],"class_list":["post-29221","post","type-post","status-publish","format-standard","has-post-thumbnail","hentry","category-nacional","tag-bolivia","tag-eduardo-del-castillo","tag-gualberto-arispe","tag-la-paz"],"jetpack_featured_media_url":"https:\/\/elradar.info\/wp-content\/uploads\/2022\/10\/4eb3fd19-42ef-4766-a22f-bdeaf7163803.jpg","jetpack_sharing_enabled":true,"amp_enabled":true,"_links":{"self":[{"href":"https:\/\/elradar.info\/index.php?rest_route=\/wp\/v2\/posts\/29221","targetHints":{"allow":["GET"]}}],"collection":[{"href":"https:\/\/elradar.info\/index.php?rest_route=\/wp\/v2\/posts"}],"about":[{"href":"https:\/\/elradar.info\/index.php?rest_route=\/wp\/v2\/types\/post"}],"author":[{"embeddable":true,"href":"https:\/\/elradar.info\/index.php?rest_route=\/wp\/v2\/users\/2"}],"replies":[{"embeddable":true,"href":"https:\/\/elradar.info\/index.php?rest_route=%2Fwp%2Fv2%2Fcomments&post=29221"}],"version-history":[{"count":1,"href":"https:\/\/elradar.info\/index.php?rest_route=\/wp\/v2\/posts\/29221\/revisions"}],"predecessor-version":[{"id":29224,"href":"https:\/\/elradar.info\/index.php?rest_route=\/wp\/v2\/posts\/29221\/revisions\/29224"}],"wp:featuredmedia":[{"embeddable":true,"href":"https:\/\/elradar.info\/index.php?rest_route=\/wp\/v2\/media\/29223"}],"wp:attachment":[{"href":"https:\/\/elradar.info\/index.php?rest_route=%2Fwp%2Fv2%2Fmedia&parent=29221"}],"wp:term":[{"taxonomy":"category","embeddable":true,"href":"https:\/\/elradar.info\/index.php?rest_route=%2Fwp%2Fv2%2Fcategories&post=29221"},{"taxonomy":"post_tag","embeddable":true,"href":"https:\/\/elradar.info\/index.php?rest_route=%2Fwp%2Fv2%2Ftags&post=29221"}],"curies":[{"name":"wp","href":"https:\/\/api.w.org\/{rel}","templated":true}]}}