{"id":29264,"date":"2022-10-14T10:39:12","date_gmt":"2022-10-14T14:39:12","guid":{"rendered":"http:\/\/elradar.info\/?p=29264"},"modified":"2024-02-01T12:14:38","modified_gmt":"2024-02-01T16:14:38","slug":"se-inauguro-una-nueva-oficina-del-segip-en-el-alto","status":"publish","type":"post","link":"https:\/\/elradar.info\/?p=29264","title":{"rendered":"<strong>Se inaugur\u00f3 una nueva oficina del SEGIP en El Alto<\/strong>"},"content":{"rendered":"\n<p>En la terminal interprovincial de la ciudad de El Alto, se inaugur\u00f3 una nueva oficina del Servicio General de Identificaci\u00f3n Personal y de Licencias para Conducir SEGIP, con el fin de agilizar los tr\u00e1mites de la poblaci\u00f3n alte\u00f1a.<\/p>\n\n\n\n<p>En la inauguraci\u00f3n, el ministro Eduardo Del Castillo, manifest\u00f3 que las nuevas oficinas del SEGIP facilitar\u00e1n el acceso a la c\u00e9dula de identidad a \u201c<em>las hermanas y hermanos de las 20 provincias del departamento que tienen necesidad de trasladarse de municipio a municipio<\/em>\u201d. Asimismo, inform\u00f3 que los ambientes con los que cuenta esta nueva oficina se encuentran en el segundo piso de la terminal y cuentan con mesas de cedulaci\u00f3n, descarte y el equipo necesario para ofrecer el servicio a los usuarios.<\/p>\n\n\n\n<p>En estas instalaciones se proyecta emitir de 100 a 120 c\u00e9dulas diarias, lo que sumar\u00eda 28 mil documentos emitidos al a\u00f1o. La nueva oficina del SEGIP es posible gracias a las pol\u00edticas nacionales del presidente Luis Arce Catacora, las mismas que buscan desburocratizar y descentralizar los servicios ofrecidos a la poblaci\u00f3n con el fin de tener un alcance nacional.<\/p>\n\n\n\n<p>Como un detalle adicional, Eduardo Del Castillo inform\u00f3 tambi\u00e9n:<\/p>\n\n\n\n<p>\u201c<em>\u00a1Desde hoy todas las oficinas del Segip &#8211; Servicio General de Identificaci\u00f3n Personal en #Bolivia son amigables con las mascotas!<\/em><\/p>\n\n\n\n<p><em>Toda oficina tendr\u00e1 un lugar donde podr\u00e1s dejar a tu mascota mientras realizas tu tr\u00e1mite<\/em>\u201d, escribi\u00f3 el ministro.<\/p>\n\n\n\n<p>Por lo que el SEGIP se suma al movimiento Pet Friendly del que ya forman parte instancias gubernamentales como el Telef\u00e9rico.<\/p>\n\n\n\n<figure class=\"wp-block-gallery has-nested-images columns-default is-cropped wp-block-gallery-1 is-layout-flex wp-block-gallery-is-layout-flex\">\n<figure class=\"wp-block-image size-large\"><img loading=\"lazy\" decoding=\"async\" width=\"1024\" height=\"684\" data-id=\"29268\" src=\"https:\/\/elradar.info\/wp-content\/uploads\/2022\/10\/WhatsApp-Image-2022-10-14-at-10.33.27-1-1-1024x684.jpeg\" alt=\"\" class=\"wp-image-29268\" srcset=\"https:\/\/elradar.info\/wp-content\/uploads\/2022\/10\/WhatsApp-Image-2022-10-14-at-10.33.27-1-1-1024x684.jpeg 1024w, https:\/\/elradar.info\/wp-content\/uploads\/2022\/10\/WhatsApp-Image-2022-10-14-at-10.33.27-1-1-300x200.jpeg 300w, https:\/\/elradar.info\/wp-content\/uploads\/2022\/10\/WhatsApp-Image-2022-10-14-at-10.33.27-1-1-768x513.jpeg 768w, https:\/\/elradar.info\/wp-content\/uploads\/2022\/10\/WhatsApp-Image-2022-10-14-at-10.33.27-1-1-720x480.jpeg 720w, https:\/\/elradar.info\/wp-content\/uploads\/2022\/10\/WhatsApp-Image-2022-10-14-at-10.33.27-1-1-480x321.jpeg 480w, https:\/\/elradar.info\/wp-content\/uploads\/2022\/10\/WhatsApp-Image-2022-10-14-at-10.33.27-1-1.jpeg 1280w\" sizes=\"auto, (max-width: 1024px) 100vw, 1024px\" \/><\/figure>\n\n\n\n<figure class=\"wp-block-image size-large\"><img loading=\"lazy\" decoding=\"async\" width=\"1024\" height=\"684\" data-id=\"29267\" src=\"https:\/\/elradar.info\/wp-content\/uploads\/2022\/10\/WhatsApp-Image-2022-10-14-at-10.33.27-1-1024x684.jpeg\" alt=\"\" class=\"wp-image-29267\" srcset=\"https:\/\/elradar.info\/wp-content\/uploads\/2022\/10\/WhatsApp-Image-2022-10-14-at-10.33.27-1-1024x684.jpeg 1024w, https:\/\/elradar.info\/wp-content\/uploads\/2022\/10\/WhatsApp-Image-2022-10-14-at-10.33.27-1-300x200.jpeg 300w, https:\/\/elradar.info\/wp-content\/uploads\/2022\/10\/WhatsApp-Image-2022-10-14-at-10.33.27-1-768x513.jpeg 768w, https:\/\/elradar.info\/wp-content\/uploads\/2022\/10\/WhatsApp-Image-2022-10-14-at-10.33.27-1-720x480.jpeg 720w, https:\/\/elradar.info\/wp-content\/uploads\/2022\/10\/WhatsApp-Image-2022-10-14-at-10.33.27-1-480x321.jpeg 480w, https:\/\/elradar.info\/wp-content\/uploads\/2022\/10\/WhatsApp-Image-2022-10-14-at-10.33.27-1.jpeg 1280w\" sizes=\"auto, (max-width: 1024px) 100vw, 1024px\" \/><\/figure>\n<\/figure>\n","protected":false},"excerpt":{"rendered":"<p>En la terminal interprovincial de la ciudad de El Alto, se inaugur\u00f3 una nueva oficina del Servicio General de Identificaci\u00f3n Personal y de Licencias para Conducir SEGIP, con el fin de agilizar los tr\u00e1mites de la poblaci\u00f3n alte\u00f1a. En la inauguraci\u00f3n, el ministro Eduardo Del Castillo, manifest\u00f3 que las nuevas oficinas del SEGIP facilitar\u00e1n el acceso a la c\u00e9dula de identidad a \u201clas hermanas y hermanos de las 20 provincias del departamento que tienen necesidad de trasladarse de municipio a municipio\u201d. Asimismo, inform\u00f3 que los ambientes con los que cuenta esta nueva oficina se encuentran en el segundo piso de<\/p>\n","protected":false},"author":2,"featured_media":29269,"comment_status":"closed","ping_status":"open","sticky":false,"template":"","format":"standard","meta":{"_seopress_robots_primary_cat":"none","_seopress_titles_title":"","_seopress_titles_desc":"","_seopress_robots_index":"","_jetpack_memberships_contains_paid_content":false,"footnotes":""},"categories":[103],"tags":[109,129,401,2344,293,2799,765],"class_list":["post-29264","post","type-post","status-publish","format-standard","has-post-thumbnail","hentry","category-nacional","tag-bolivia","tag-eduardo-del-castillo","tag-el-alto","tag-inauguracion","tag-la-paz","tag-nuevas-oficinas","tag-segip"],"jetpack_featured_media_url":"https:\/\/elradar.info\/wp-content\/uploads\/2022\/10\/ced-jpg6_large.jpg","jetpack_sharing_enabled":true,"amp_enabled":true,"_links":{"self":[{"href":"https:\/\/elradar.info\/index.php?rest_route=\/wp\/v2\/posts\/29264","targetHints":{"allow":["GET"]}}],"collection":[{"href":"https:\/\/elradar.info\/index.php?rest_route=\/wp\/v2\/posts"}],"about":[{"href":"https:\/\/elradar.info\/index.php?rest_route=\/wp\/v2\/types\/post"}],"author":[{"embeddable":true,"href":"https:\/\/elradar.info\/index.php?rest_route=\/wp\/v2\/users\/2"}],"replies":[{"embeddable":true,"href":"https:\/\/elradar.info\/index.php?rest_route=%2Fwp%2Fv2%2Fcomments&post=29264"}],"version-history":[{"count":1,"href":"https:\/\/elradar.info\/index.php?rest_route=\/wp\/v2\/posts\/29264\/revisions"}],"predecessor-version":[{"id":29270,"href":"https:\/\/elradar.info\/index.php?rest_route=\/wp\/v2\/posts\/29264\/revisions\/29270"}],"wp:featuredmedia":[{"embeddable":true,"href":"https:\/\/elradar.info\/index.php?rest_route=\/wp\/v2\/media\/29269"}],"wp:attachment":[{"href":"https:\/\/elradar.info\/index.php?rest_route=%2Fwp%2Fv2%2Fmedia&parent=29264"}],"wp:term":[{"taxonomy":"category","embeddable":true,"href":"https:\/\/elradar.info\/index.php?rest_route=%2Fwp%2Fv2%2Fcategories&post=29264"},{"taxonomy":"post_tag","embeddable":true,"href":"https:\/\/elradar.info\/index.php?rest_route=%2Fwp%2Fv2%2Ftags&post=29264"}],"curies":[{"name":"wp","href":"https:\/\/api.w.org\/{rel}","templated":true}]}}