{"id":29326,"date":"2022-10-15T11:28:28","date_gmt":"2022-10-15T15:28:28","guid":{"rendered":"http:\/\/elradar.info\/?p=29326"},"modified":"2024-02-01T12:14:37","modified_gmt":"2024-02-01T16:14:37","slug":"la-divina-comedia-ilustrada-por-dali-llega-a-la-paz","status":"publish","type":"post","link":"https:\/\/elradar.info\/?p=29326","title":{"rendered":"<strong>La Divina Comedia\u2019 ilustrada por Dal\u00ed llega a La Paz<\/strong>"},"content":{"rendered":"\n<p>En el marco de los festejos por el d\u00e9cimo aniversario del Centro Cultural de Espa\u00f1a en La Paz (CCELP), lleg\u00f3 a Bolivia una muestra de grabados de Salvador Dal\u00ed sobre La Divina Comedia de Dante Alighieri, la misma que ser\u00e1 expuesta al p\u00fablico en el Museo Nacional de Arte a partir de este 20 de octubre y hasta fin de a\u00f1o.<\/p>\n\n\n\n<p>Las obras forman parte de la colecci\u00f3n de la Fundaci\u00f3n Universitaria Iberoamericana (FUNIBER), quien dio su consentimiento para que se expongan en La Paz hasta el 31 de diciembre para luego ir a los departamentos de Cochabamba y Santa Cruz. Las gestiones para la llegada de las obras contaron con la colaboraci\u00f3n de las embajadas de Espa\u00f1a e Italia.<\/p>\n\n\n\n<p>Estas ilustraciones fueron un encargo a Dal\u00ed por el gobierno italiano en ocasi\u00f3n del 700 aniversario del nacimiento de Dante Alighieri. Sin embargo, debido a la gran pol\u00e9mica suscitada en Italia porque el artista seleccionado no fuera un italiano, el proyecto original fue abortado, siendo las ilustraciones editadas en un libro a instancias del papa P\u00edo XII. Dal\u00ed abord\u00f3 el proyecto de recreaci\u00f3n de la serie en xilograf\u00eda, y grabadores en madera iniciaron el proceso de transferir las 100 acuarelas originales a 3,500 tacos xilogr\u00e1ficos, uno por cada color y unos 35 para cada acuarela.<\/p>\n\n\n\n<p>La muestra estar\u00e1 en las dos salas m\u00e1s grandes que el museo dispone para exposiciones temporales: el Patio de Cristal y la sala Tadeo D\u00edez de Medina.<\/p>\n\n\n\n<figure class=\"wp-block-image size-large\"><img loading=\"lazy\" decoding=\"async\" width=\"1024\" height=\"1024\" src=\"https:\/\/elradar.info\/wp-content\/uploads\/2022\/10\/cuadrado-18-1024x1024.jpg\" alt=\"\" class=\"wp-image-29328\" srcset=\"https:\/\/elradar.info\/wp-content\/uploads\/2022\/10\/cuadrado-18-1024x1024.jpg 1024w, https:\/\/elradar.info\/wp-content\/uploads\/2022\/10\/cuadrado-18-300x300.jpg 300w, https:\/\/elradar.info\/wp-content\/uploads\/2022\/10\/cuadrado-18-150x150.jpg 150w, https:\/\/elradar.info\/wp-content\/uploads\/2022\/10\/cuadrado-18-768x768.jpg 768w, https:\/\/elradar.info\/wp-content\/uploads\/2022\/10\/cuadrado-18-480x480.jpg 480w, https:\/\/elradar.info\/wp-content\/uploads\/2022\/10\/cuadrado-18.jpg 1200w\" sizes=\"auto, (max-width: 1024px) 100vw, 1024px\" \/><\/figure>\n","protected":false},"excerpt":{"rendered":"<p>En el marco de los festejos por el d\u00e9cimo aniversario del Centro Cultural de Espa\u00f1a en La Paz (CCELP), lleg\u00f3 a Bolivia una muestra de grabados de Salvador Dal\u00ed sobre La Divina Comedia de Dante Alighieri, la misma que ser\u00e1 expuesta al p\u00fablico en el Museo Nacional de Arte a partir de este 20 de octubre y hasta fin de a\u00f1o. Las obras forman parte de la colecci\u00f3n de la Fundaci\u00f3n Universitaria Iberoamericana (FUNIBER), quien dio su consentimiento para que se expongan en La Paz hasta el 31 de diciembre para luego ir a los departamentos de Cochabamba y Santa<\/p>\n","protected":false},"author":2,"featured_media":29329,"comment_status":"closed","ping_status":"open","sticky":false,"template":"","format":"standard","meta":{"_seopress_robots_primary_cat":"none","_seopress_titles_title":"","_seopress_titles_desc":"","_seopress_robots_index":"","_jetpack_memberships_contains_paid_content":false,"footnotes":""},"categories":[127,103],"tags":[686,109,4767,4766,141,4764,293,4765],"class_list":["post-29326","post","type-post","status-publish","format-standard","has-post-thumbnail","hentry","category-cultura","category-nacional","tag-arte","tag-bolivia","tag-ccelp","tag-centro-cultural-de-espana-en-la-paz","tag-cultura","tag-la-divina-comedia","tag-la-paz","tag-salvador-dali"],"jetpack_featured_media_url":"https:\/\/elradar.info\/wp-content\/uploads\/2022\/10\/4521b0b6-6c4f-4b5f-a48b-233418911287.jpg","jetpack_sharing_enabled":true,"amp_enabled":true,"_links":{"self":[{"href":"https:\/\/elradar.info\/index.php?rest_route=\/wp\/v2\/posts\/29326","targetHints":{"allow":["GET"]}}],"collection":[{"href":"https:\/\/elradar.info\/index.php?rest_route=\/wp\/v2\/posts"}],"about":[{"href":"https:\/\/elradar.info\/index.php?rest_route=\/wp\/v2\/types\/post"}],"author":[{"embeddable":true,"href":"https:\/\/elradar.info\/index.php?rest_route=\/wp\/v2\/users\/2"}],"replies":[{"embeddable":true,"href":"https:\/\/elradar.info\/index.php?rest_route=%2Fwp%2Fv2%2Fcomments&post=29326"}],"version-history":[{"count":1,"href":"https:\/\/elradar.info\/index.php?rest_route=\/wp\/v2\/posts\/29326\/revisions"}],"predecessor-version":[{"id":29330,"href":"https:\/\/elradar.info\/index.php?rest_route=\/wp\/v2\/posts\/29326\/revisions\/29330"}],"wp:featuredmedia":[{"embeddable":true,"href":"https:\/\/elradar.info\/index.php?rest_route=\/wp\/v2\/media\/29329"}],"wp:attachment":[{"href":"https:\/\/elradar.info\/index.php?rest_route=%2Fwp%2Fv2%2Fmedia&parent=29326"}],"wp:term":[{"taxonomy":"category","embeddable":true,"href":"https:\/\/elradar.info\/index.php?rest_route=%2Fwp%2Fv2%2Fcategories&post=29326"},{"taxonomy":"post_tag","embeddable":true,"href":"https:\/\/elradar.info\/index.php?rest_route=%2Fwp%2Fv2%2Ftags&post=29326"}],"curies":[{"name":"wp","href":"https:\/\/api.w.org\/{rel}","templated":true}]}}