{"id":29359,"date":"2022-10-17T12:09:39","date_gmt":"2022-10-17T16:09:39","guid":{"rendered":"http:\/\/elradar.info\/?p=29359"},"modified":"2024-02-01T12:14:36","modified_gmt":"2024-02-01T16:14:36","slug":"dia-internacional-para-la-erradicacion-de-la-pobreza","status":"publish","type":"post","link":"https:\/\/elradar.info\/?p=29359","title":{"rendered":"<strong>D\u00eda Internacional para la erradicaci\u00f3n de la pobreza<\/strong>"},"content":{"rendered":"\n<p>Cada 17 de octubre, desde 1992, se conmemora el D\u00eda internacional para la erradicaci\u00f3n de la pobreza, fecha reconocida por las Naciones Unidas pero cuyo inicio se dio en Francia en 1987, cuando m\u00e1s de 100.000 personas se reunieron en la plaza del Trocadero para manifestarse a favor de los Derechos humanos y la libertad en honor a las v\u00edctimas de la pobreza, el hambre, la violencia y el miedo. En esa ocasi\u00f3n, la manifestaci\u00f3n fue convocada por Joseph Wresinski, fundador del Movimiento Internacional ATD Cuarto Mundo.<\/p>\n\n\n\n<p>En el caso boliviano, el anterior informe de la Comisi\u00f3n Econ\u00f3mica para Am\u00e9rica Latina (CEPAL) sostiene que Bolivia es el pa\u00eds que lograr\u00e1 la mayor reducci\u00f3n de la pobreza extrema, pese al contexto adverso de la guerra Rusia\/Ucrania. Esto se ve reflejado en otros indicadores, como el desempleo, que baj\u00f3 a 5,3% y el \u00edndice de pobreza extrema que se redujo a 11,1%, una cifra aceptable si se toma en cuenta la situaci\u00f3n de pa\u00edses como Argentina, cuyo \u00edndice es de 36,9%.<\/p>\n\n\n\n<p>Algo que debe trabajarse a la hora de ver el modo de erradicar la pobreza son las privaciones que las personas que viven en ella experimentan y que, en muchos casos, se refuerzan mutuamente: condiciones de trabajo peligrosas, vivienda insegura, falta de alimentos nutritivos, acceso desigual a la justicia, falta de poder pol\u00edtico y acceso limitado a la atenci\u00f3n m\u00e9dica, entre otros.<\/p>\n","protected":false},"excerpt":{"rendered":"<p>Cada 17 de octubre, desde 1992, se conmemora el D\u00eda internacional para la erradicaci\u00f3n de la pobreza, fecha reconocida por las Naciones Unidas pero cuyo inicio se dio en Francia en 1987, cuando m\u00e1s de 100.000 personas se reunieron en la plaza del Trocadero para manifestarse a favor de los Derechos humanos y la libertad en honor a las v\u00edctimas de la pobreza, el hambre, la violencia y el miedo. En esa ocasi\u00f3n, la manifestaci\u00f3n fue convocada por Joseph Wresinski, fundador del Movimiento Internacional ATD Cuarto Mundo. En el caso boliviano, el anterior informe de la Comisi\u00f3n Econ\u00f3mica para Am\u00e9rica<\/p>\n","protected":false},"author":2,"featured_media":29361,"comment_status":"closed","ping_status":"open","sticky":false,"template":"","format":"standard","meta":{"_seopress_robots_primary_cat":"none","_seopress_titles_title":"","_seopress_titles_desc":"","_seopress_robots_index":"","_jetpack_memberships_contains_paid_content":false,"footnotes":""},"categories":[200,107],"tags":[4788,109,727,4786,4787,113,2271],"class_list":["post-29359","post","type-post","status-publish","format-standard","has-post-thumbnail","hentry","category-economia","category-internacional","tag-17-de-octubre","tag-bolivia","tag-cepal","tag-dia-internacional","tag-erradicacion-de-la-pobreza","tag-internacional","tag-organizacion-de-las-naciones-unidas"],"jetpack_featured_media_url":"https:\/\/elradar.info\/wp-content\/uploads\/2022\/10\/pobre-calle-1.jpg","jetpack_sharing_enabled":true,"amp_enabled":true,"_links":{"self":[{"href":"https:\/\/elradar.info\/index.php?rest_route=\/wp\/v2\/posts\/29359","targetHints":{"allow":["GET"]}}],"collection":[{"href":"https:\/\/elradar.info\/index.php?rest_route=\/wp\/v2\/posts"}],"about":[{"href":"https:\/\/elradar.info\/index.php?rest_route=\/wp\/v2\/types\/post"}],"author":[{"embeddable":true,"href":"https:\/\/elradar.info\/index.php?rest_route=\/wp\/v2\/users\/2"}],"replies":[{"embeddable":true,"href":"https:\/\/elradar.info\/index.php?rest_route=%2Fwp%2Fv2%2Fcomments&post=29359"}],"version-history":[{"count":1,"href":"https:\/\/elradar.info\/index.php?rest_route=\/wp\/v2\/posts\/29359\/revisions"}],"predecessor-version":[{"id":29362,"href":"https:\/\/elradar.info\/index.php?rest_route=\/wp\/v2\/posts\/29359\/revisions\/29362"}],"wp:featuredmedia":[{"embeddable":true,"href":"https:\/\/elradar.info\/index.php?rest_route=\/wp\/v2\/media\/29361"}],"wp:attachment":[{"href":"https:\/\/elradar.info\/index.php?rest_route=%2Fwp%2Fv2%2Fmedia&parent=29359"}],"wp:term":[{"taxonomy":"category","embeddable":true,"href":"https:\/\/elradar.info\/index.php?rest_route=%2Fwp%2Fv2%2Fcategories&post=29359"},{"taxonomy":"post_tag","embeddable":true,"href":"https:\/\/elradar.info\/index.php?rest_route=%2Fwp%2Fv2%2Ftags&post=29359"}],"curies":[{"name":"wp","href":"https:\/\/api.w.org\/{rel}","templated":true}]}}