{"id":29394,"date":"2022-10-17T16:51:55","date_gmt":"2022-10-17T20:51:55","guid":{"rendered":"http:\/\/elradar.info\/?p=29394"},"modified":"2024-02-01T12:14:36","modified_gmt":"2024-02-01T16:14:36","slug":"gremiales-permaneceran-en-sus-puestos-para-no-ser-perjudicados-por-el-paro-cruceno","status":"publish","type":"post","link":"https:\/\/elradar.info\/?p=29394","title":{"rendered":"<strong>Gremiales permanecer\u00e1n en sus puestos para no ser perjudicados por el paro cruce\u00f1o<\/strong>"},"content":{"rendered":"\n<p>En rechazo al paro indefinido promovido por el Comit\u00e9 Interinstitucional cruce\u00f1o, gremiales del antiguo Mercado Abasto en Santa Cruz, a trav\u00e9s de sus dirigentes, declararon que se quedar\u00e1n en sus puestos de venta desde el viernes 21 de octubre para no ser \u201cperjudicados\u201d.<\/p>\n\n\n\n<p><em>\u201cNo vamos a cerrar nuestras fuentes de trabajo, desde el viernes 21 en la noche nos quedamos ac\u00e1 en nuestros puestos para as\u00ed poder abrir nuestra venta y vender al p\u00fablico&#8221;<\/em>, manifest\u00f3 una de sus representantes al canal estatal BTV.<\/p>\n\n\n\n<p>Los comerciantes demandaron que se respete su derecho al trabajo y se declararon en estado de emergencia. En este entendido, convocaron el d\u00eda viernes al \u201cCabildo del Pueblo\u201d en defensa del trabajo, la libre circulaci\u00f3n y la democracia. Asimismo, declararon que los ciudadanos est\u00e1n en todo su derecho de parar pero que eso no implica que se bloquee a quienes no desean hacerlo. Tambi\u00e9n demandaron al Comit\u00e9 Interinstitucional, al Comit\u00e9 C\u00edvico y al gobernador Fernando Camacho<em> \u201cno perjudicar a la familia gremial con paros, promovidos por intereses netamente pol\u00edticos\u201d.<\/em><\/p>\n\n\n\n<p>Varios sectores dieron a conocer su rechazo ante la extrema medida, entre ellos la Central Obrera Departamental (COD) de Santa Cruz.<\/p>\n","protected":false},"excerpt":{"rendered":"<p>En rechazo al paro indefinido promovido por el Comit\u00e9 Interinstitucional cruce\u00f1o, gremiales del antiguo Mercado Abasto en Santa Cruz, a trav\u00e9s de sus dirigentes, declararon que se quedar\u00e1n en sus puestos de venta desde el viernes 21 de octubre para no ser \u201cperjudicados\u201d. \u201cNo vamos a cerrar nuestras fuentes de trabajo, desde el viernes 21 en la noche nos quedamos ac\u00e1 en nuestros puestos para as\u00ed poder abrir nuestra venta y vender al p\u00fablico&#8221;, manifest\u00f3 una de sus representantes al canal estatal BTV. Los comerciantes demandaron que se respete su derecho al trabajo y se declararon en estado de emergencia.<\/p>\n","protected":false},"author":2,"featured_media":29396,"comment_status":"closed","ping_status":"open","sticky":false,"template":"","format":"standard","meta":{"_seopress_robots_primary_cat":"none","_seopress_titles_title":"","_seopress_titles_desc":"","_seopress_robots_index":"","_jetpack_memberships_contains_paid_content":false,"footnotes":""},"categories":[103],"tags":[4811,109,3074,4418,396,167],"class_list":["post-29394","post","type-post","status-publish","format-standard","has-post-thumbnail","hentry","category-nacional","tag-21-de-octubre","tag-bolivia","tag-gremiales","tag-mercado-abasto","tag-paro-civico","tag-santa-cruz"],"jetpack_featured_media_url":"https:\/\/elradar.info\/wp-content\/uploads\/2022\/10\/gremi2.png","jetpack_sharing_enabled":true,"amp_enabled":true,"_links":{"self":[{"href":"https:\/\/elradar.info\/index.php?rest_route=\/wp\/v2\/posts\/29394","targetHints":{"allow":["GET"]}}],"collection":[{"href":"https:\/\/elradar.info\/index.php?rest_route=\/wp\/v2\/posts"}],"about":[{"href":"https:\/\/elradar.info\/index.php?rest_route=\/wp\/v2\/types\/post"}],"author":[{"embeddable":true,"href":"https:\/\/elradar.info\/index.php?rest_route=\/wp\/v2\/users\/2"}],"replies":[{"embeddable":true,"href":"https:\/\/elradar.info\/index.php?rest_route=%2Fwp%2Fv2%2Fcomments&post=29394"}],"version-history":[{"count":1,"href":"https:\/\/elradar.info\/index.php?rest_route=\/wp\/v2\/posts\/29394\/revisions"}],"predecessor-version":[{"id":29397,"href":"https:\/\/elradar.info\/index.php?rest_route=\/wp\/v2\/posts\/29394\/revisions\/29397"}],"wp:featuredmedia":[{"embeddable":true,"href":"https:\/\/elradar.info\/index.php?rest_route=\/wp\/v2\/media\/29396"}],"wp:attachment":[{"href":"https:\/\/elradar.info\/index.php?rest_route=%2Fwp%2Fv2%2Fmedia&parent=29394"}],"wp:term":[{"taxonomy":"category","embeddable":true,"href":"https:\/\/elradar.info\/index.php?rest_route=%2Fwp%2Fv2%2Fcategories&post=29394"},{"taxonomy":"post_tag","embeddable":true,"href":"https:\/\/elradar.info\/index.php?rest_route=%2Fwp%2Fv2%2Ftags&post=29394"}],"curies":[{"name":"wp","href":"https:\/\/api.w.org\/{rel}","templated":true}]}}