{"id":29415,"date":"2022-10-18T12:40:44","date_gmt":"2022-10-18T16:40:44","guid":{"rendered":"http:\/\/elradar.info\/?p=29415"},"modified":"2024-02-01T12:14:08","modified_gmt":"2024-02-01T16:14:08","slug":"feria-del-campo-a-la-olla","status":"publish","type":"post","link":"https:\/\/elradar.info\/?p=29415","title":{"rendered":"<strong>Feria \u201cDel Campo a la Olla\u201d&nbsp;<\/strong>"},"content":{"rendered":"\n<p>En conferencia de prensa el ministro de Desarrollo Rural y Tierras, Remmy Gonzales, inform\u00f3 este martes que el evento ferial se organiza en el marco de la seguridad y soberan\u00eda alimentaria de las familias pace\u00f1as.&nbsp;<\/p>\n\n\n\n<p>M\u00e1s de 100 agricultores organizan la segunda versi\u00f3n de la feria \u201cDel campo a la olla\u201d, del productor al consumidor a precio justo, el jueves 20 y el viernes 21 de octubre, en la plaza Mayor de San Francisco de la urbe pace\u00f1a. La autoridad explic\u00f3 que los agricultores de las diferentes provincias de La Paz se instalar\u00e1n en atrio de la plaza Mayor de San Francisco desde las 08.00 hasta las 18.00 con la venta de hortalizas, frutas, l\u00e1cteos, productos transformados, c\u00e1rnicos, pescados entre otros alimentos.<\/p>\n\n\n\n<p>Adem\u00e1s, los productores comercializar\u00e1n e invitar\u00e1n a degustar a los visitantes variedad de platos tradicionales de la gastronom\u00eda nacional, preparados con alimentos frescos, sanos y nutritivos.<\/p>\n","protected":false},"excerpt":{"rendered":"<p>En conferencia de prensa el ministro de Desarrollo Rural y Tierras, Remmy Gonzales, inform\u00f3 este martes que el evento ferial se organiza en el marco de la seguridad y soberan\u00eda alimentaria de las familias pace\u00f1as.&nbsp; M\u00e1s de 100 agricultores organizan la segunda versi\u00f3n de la feria \u201cDel campo a la olla\u201d, del productor al consumidor a precio justo, el jueves 20 y el viernes 21 de octubre, en la plaza Mayor de San Francisco de la urbe pace\u00f1a. La autoridad explic\u00f3 que los agricultores de las diferentes provincias de La Paz se instalar\u00e1n en atrio de la plaza Mayor de<\/p>\n","protected":false},"author":2,"featured_media":29417,"comment_status":"closed","ping_status":"open","sticky":false,"template":"","format":"standard","meta":{"_seopress_robots_primary_cat":"none","_seopress_titles_title":"","_seopress_titles_desc":"","_seopress_robots_index":"","_jetpack_memberships_contains_paid_content":false,"footnotes":""},"categories":[103],"tags":[109,4815,293,1380,1800],"class_list":["post-29415","post","type-post","status-publish","format-standard","has-post-thumbnail","hentry","category-nacional","tag-bolivia","tag-del-campo-a-la-olla","tag-la-paz","tag-ministerio-de-desarrollo-rural-y-tierras","tag-remmy-gonzales"],"jetpack_featured_media_url":"https:\/\/elradar.info\/wp-content\/uploads\/2022\/10\/000000_FERIA_DEL_CAMPO_A_LA_OLLA.jpg","jetpack_sharing_enabled":true,"amp_enabled":true,"_links":{"self":[{"href":"https:\/\/elradar.info\/index.php?rest_route=\/wp\/v2\/posts\/29415","targetHints":{"allow":["GET"]}}],"collection":[{"href":"https:\/\/elradar.info\/index.php?rest_route=\/wp\/v2\/posts"}],"about":[{"href":"https:\/\/elradar.info\/index.php?rest_route=\/wp\/v2\/types\/post"}],"author":[{"embeddable":true,"href":"https:\/\/elradar.info\/index.php?rest_route=\/wp\/v2\/users\/2"}],"replies":[{"embeddable":true,"href":"https:\/\/elradar.info\/index.php?rest_route=%2Fwp%2Fv2%2Fcomments&post=29415"}],"version-history":[{"count":1,"href":"https:\/\/elradar.info\/index.php?rest_route=\/wp\/v2\/posts\/29415\/revisions"}],"predecessor-version":[{"id":29418,"href":"https:\/\/elradar.info\/index.php?rest_route=\/wp\/v2\/posts\/29415\/revisions\/29418"}],"wp:featuredmedia":[{"embeddable":true,"href":"https:\/\/elradar.info\/index.php?rest_route=\/wp\/v2\/media\/29417"}],"wp:attachment":[{"href":"https:\/\/elradar.info\/index.php?rest_route=%2Fwp%2Fv2%2Fmedia&parent=29415"}],"wp:term":[{"taxonomy":"category","embeddable":true,"href":"https:\/\/elradar.info\/index.php?rest_route=%2Fwp%2Fv2%2Fcategories&post=29415"},{"taxonomy":"post_tag","embeddable":true,"href":"https:\/\/elradar.info\/index.php?rest_route=%2Fwp%2Fv2%2Ftags&post=29415"}],"curies":[{"name":"wp","href":"https:\/\/api.w.org\/{rel}","templated":true}]}}