{"id":29427,"date":"2022-10-18T13:15:12","date_gmt":"2022-10-18T17:15:12","guid":{"rendered":"http:\/\/elradar.info\/?p=29427"},"modified":"2024-02-01T12:14:08","modified_gmt":"2024-02-01T16:14:08","slug":"instituto-nacional-de-reforma-agraria-inra-cumple-26-anos-de-creacion","status":"publish","type":"post","link":"https:\/\/elradar.info\/?p=29427","title":{"rendered":"<strong>Instituto Nacional de Reforma Agraria (INRA) cumple 26 a\u00f1os de creaci\u00f3n<\/strong>"},"content":{"rendered":"\n<p>Este martes, 18 de octubre, el presidente Luis Arce Catacora particip\u00f3 de los actos por los 26 a\u00f1os de creaci\u00f3n del Instituto Nacional de Reforma Agraria (INRA) en el Centro de Comunicaciones.<\/p>\n\n\n\n<p><em>\u201cCelebramos en La Paz el 26 aniversario de nuestro Instituto Nacional de Reforma Agraria INRA. \u00a1Es nuestro deber dar seguridad jur\u00eddica a quienes trabajan la tierra!\u201d<\/em>, se\u00f1al\u00f3 el mandatario.<\/p>\n\n\n\n<p>El INRA fue creado mediante la Ley 1715 el 18 de octubre de 1996, como una entidad p\u00fablica descentralizada dependiente del Ministerio de Desarrollo Rural y Tierras. Es el \u00f3rgano t\u00e9cnico-ejecutivo encargado de dirigir, coordinar y ejecutar las pol\u00edticas establecidas por el Servicio Boliviano de Reforma Agraria.<\/p>\n\n\n\n<p>En el marco de sus competencias, el INRA avanz\u00f3 en un 90% en la entrega de t\u00edtulos agrarios ejecutoriados en el pa\u00eds, de los cuales el 45% corresponde a las mujeres.<\/p>\n\n\n\n<p>En 1953 solo el 10% de las mujeres ten\u00edan la propiedad y exist\u00edan dificultades porque a veces se vend\u00edan las tierras y las f\u00e9minas y sus hijos quedaban desamparados.<\/p>\n","protected":false},"excerpt":{"rendered":"<p>Este martes, 18 de octubre, el presidente Luis Arce Catacora particip\u00f3 de los actos por los 26 a\u00f1os de creaci\u00f3n del Instituto Nacional de Reforma Agraria (INRA) en el Centro de Comunicaciones. \u201cCelebramos en La Paz el 26 aniversario de nuestro Instituto Nacional de Reforma Agraria INRA. \u00a1Es nuestro deber dar seguridad jur\u00eddica a quienes trabajan la tierra!\u201d, se\u00f1al\u00f3 el mandatario. El INRA fue creado mediante la Ley 1715 el 18 de octubre de 1996, como una entidad p\u00fablica descentralizada dependiente del Ministerio de Desarrollo Rural y Tierras. Es el \u00f3rgano t\u00e9cnico-ejecutivo encargado de dirigir, coordinar y ejecutar las pol\u00edticas<\/p>\n","protected":false},"author":2,"featured_media":29429,"comment_status":"closed","ping_status":"open","sticky":false,"template":"","format":"standard","meta":{"_seopress_robots_primary_cat":"none","_seopress_titles_title":"","_seopress_titles_desc":"","_seopress_robots_index":"","_jetpack_memberships_contains_paid_content":false,"footnotes":""},"categories":[103],"tags":[402,109,4822,2148,120],"class_list":["post-29427","post","type-post","status-publish","format-standard","has-post-thumbnail","hentry","category-nacional","tag-aniversario","tag-bolivia","tag-inra","tag-instituto-nacional-de-reforma-agraria","tag-luis-arce-catacora"],"jetpack_featured_media_url":"https:\/\/elradar.info\/wp-content\/uploads\/2022\/10\/312277130_646294463616815_3377507613495905006_n.jpg","jetpack_sharing_enabled":true,"amp_enabled":true,"_links":{"self":[{"href":"https:\/\/elradar.info\/index.php?rest_route=\/wp\/v2\/posts\/29427","targetHints":{"allow":["GET"]}}],"collection":[{"href":"https:\/\/elradar.info\/index.php?rest_route=\/wp\/v2\/posts"}],"about":[{"href":"https:\/\/elradar.info\/index.php?rest_route=\/wp\/v2\/types\/post"}],"author":[{"embeddable":true,"href":"https:\/\/elradar.info\/index.php?rest_route=\/wp\/v2\/users\/2"}],"replies":[{"embeddable":true,"href":"https:\/\/elradar.info\/index.php?rest_route=%2Fwp%2Fv2%2Fcomments&post=29427"}],"version-history":[{"count":1,"href":"https:\/\/elradar.info\/index.php?rest_route=\/wp\/v2\/posts\/29427\/revisions"}],"predecessor-version":[{"id":29430,"href":"https:\/\/elradar.info\/index.php?rest_route=\/wp\/v2\/posts\/29427\/revisions\/29430"}],"wp:featuredmedia":[{"embeddable":true,"href":"https:\/\/elradar.info\/index.php?rest_route=\/wp\/v2\/media\/29429"}],"wp:attachment":[{"href":"https:\/\/elradar.info\/index.php?rest_route=%2Fwp%2Fv2%2Fmedia&parent=29427"}],"wp:term":[{"taxonomy":"category","embeddable":true,"href":"https:\/\/elradar.info\/index.php?rest_route=%2Fwp%2Fv2%2Fcategories&post=29427"},{"taxonomy":"post_tag","embeddable":true,"href":"https:\/\/elradar.info\/index.php?rest_route=%2Fwp%2Fv2%2Ftags&post=29427"}],"curies":[{"name":"wp","href":"https:\/\/api.w.org\/{rel}","templated":true}]}}