{"id":29443,"date":"2022-10-18T16:03:26","date_gmt":"2022-10-18T20:03:26","guid":{"rendered":"http:\/\/elradar.info\/?p=29443"},"modified":"2024-02-01T12:14:07","modified_gmt":"2024-02-01T16:14:07","slug":"se-lanzo-el-plan-pachamama-de-reforestacion-2022-2023","status":"publish","type":"post","link":"https:\/\/elradar.info\/?p=29443","title":{"rendered":"<strong>Se lanz\u00f3 el Plan Pachamama de reforestaci\u00f3n 2022-2023<\/strong>"},"content":{"rendered":"\n<p>A trav\u00e9s de la Direcci\u00f3n de Recursos Naturales de la gobernaci\u00f3n de La Paz se realiz\u00f3 el lanzamiento de la campa\u00f1a forestal departamental 2022-2023 Plan Pachamama, el mismo que cont\u00f3 con la participaci\u00f3n de m\u00e1s de 15 organizaciones que trabajan en pro de la madre tierra, adem\u00e1s de unidades educativas de la ciudad de El Alto.<\/p>\n\n\n\n<p>La campa\u00f1a beneficiar\u00e1 a m\u00e1s de 20 municipios de la ciudad de La Paz e ir\u00e1 a revitalizar el manto verde de esas comunidades ayudando a generar un pulm\u00f3n y bosquetes que mejorar\u00e1n la calidad de vida de los pobladores.<\/p>\n\n\n\n<p>Al respecto, el director de recursos naturales de la gobernaci\u00f3n, Luis Saucedo, explic\u00f3:<\/p>\n\n\n\n<p><em>\u201cLos hermanos viveristas pasan ocho meses, cinco meses trabajando, desde la germinaci\u00f3n de la semilla hasta el momento en el que saldr\u00e1n a las comunidades, hay todo un proceso que no se ve. A veces se les entregan los plantines a las comunidades y no los riegan, no los cuidan, y ese proceso de crianza del plant\u00edn es fundamental, no queremos un acto protocolar, queremos el cuidado de los plantines\u201d.<\/em><\/p>\n\n\n\n<p>Estos plantines, correspondientes a especies que est\u00e1n adaptadas al medio en el cual crecer\u00e1n, pueden ser adquiridos de forma gratuita por aquellos municipios que as\u00ed lo soliciten previo compromiso de cuidado, ya que ellos mismos deben generar el cronograma para hacer la forestaci\u00f3n, y el \u201choyado\u201d para el sembrado posterior.<\/p>\n","protected":false},"excerpt":{"rendered":"<p>A trav\u00e9s de la Direcci\u00f3n de Recursos Naturales de la gobernaci\u00f3n de La Paz se realiz\u00f3 el lanzamiento de la campa\u00f1a forestal departamental 2022-2023 Plan Pachamama, el mismo que cont\u00f3 con la participaci\u00f3n de m\u00e1s de 15 organizaciones que trabajan en pro de la madre tierra, adem\u00e1s de unidades educativas de la ciudad de El Alto. La campa\u00f1a beneficiar\u00e1 a m\u00e1s de 20 municipios de la ciudad de La Paz e ir\u00e1 a revitalizar el manto verde de esas comunidades ayudando a generar un pulm\u00f3n y bosquetes que mejorar\u00e1n la calidad de vida de los pobladores. Al respecto, el director<\/p>\n","protected":false},"author":2,"featured_media":29445,"comment_status":"closed","ping_status":"open","sticky":false,"template":"","format":"standard","meta":{"_seopress_robots_primary_cat":"none","_seopress_titles_title":"","_seopress_titles_desc":"","_seopress_robots_index":"","_jetpack_memberships_contains_paid_content":false,"footnotes":""},"categories":[103],"tags":[109,4834,401,293,4833,4831],"class_list":["post-29443","post","type-post","status-publish","format-standard","has-post-thumbnail","hentry","category-nacional","tag-bolivia","tag-campana-forestal","tag-el-alto","tag-la-paz","tag-luis-saucedo","tag-plan-pachamama"],"jetpack_featured_media_url":"https:\/\/elradar.info\/wp-content\/uploads\/2022\/10\/WhatsApp-Image-2022-10-18-at-14.48.00.jpg","jetpack_sharing_enabled":true,"amp_enabled":true,"_links":{"self":[{"href":"https:\/\/elradar.info\/index.php?rest_route=\/wp\/v2\/posts\/29443","targetHints":{"allow":["GET"]}}],"collection":[{"href":"https:\/\/elradar.info\/index.php?rest_route=\/wp\/v2\/posts"}],"about":[{"href":"https:\/\/elradar.info\/index.php?rest_route=\/wp\/v2\/types\/post"}],"author":[{"embeddable":true,"href":"https:\/\/elradar.info\/index.php?rest_route=\/wp\/v2\/users\/2"}],"replies":[{"embeddable":true,"href":"https:\/\/elradar.info\/index.php?rest_route=%2Fwp%2Fv2%2Fcomments&post=29443"}],"version-history":[{"count":1,"href":"https:\/\/elradar.info\/index.php?rest_route=\/wp\/v2\/posts\/29443\/revisions"}],"predecessor-version":[{"id":29446,"href":"https:\/\/elradar.info\/index.php?rest_route=\/wp\/v2\/posts\/29443\/revisions\/29446"}],"wp:featuredmedia":[{"embeddable":true,"href":"https:\/\/elradar.info\/index.php?rest_route=\/wp\/v2\/media\/29445"}],"wp:attachment":[{"href":"https:\/\/elradar.info\/index.php?rest_route=%2Fwp%2Fv2%2Fmedia&parent=29443"}],"wp:term":[{"taxonomy":"category","embeddable":true,"href":"https:\/\/elradar.info\/index.php?rest_route=%2Fwp%2Fv2%2Fcategories&post=29443"},{"taxonomy":"post_tag","embeddable":true,"href":"https:\/\/elradar.info\/index.php?rest_route=%2Fwp%2Fv2%2Ftags&post=29443"}],"curies":[{"name":"wp","href":"https:\/\/api.w.org\/{rel}","templated":true}]}}