{"id":29455,"date":"2022-10-18T16:39:42","date_gmt":"2022-10-18T20:39:42","guid":{"rendered":"http:\/\/elradar.info\/?p=29455"},"modified":"2024-02-01T12:14:07","modified_gmt":"2024-02-01T16:14:07","slug":"la-mayoria-de-los-sectores-del-pais-rechazan-el-paro-indefinido-de-los-civicos-crucenos","status":"publish","type":"post","link":"https:\/\/elradar.info\/?p=29455","title":{"rendered":"<strong>La mayor\u00eda de los sectores del pa\u00eds rechazan el paro indefinido de los c\u00edvicos cruce\u00f1os<\/strong>"},"content":{"rendered":"\n<p>Alcaldes, dirigentes de diversos sectores, universitarios y l\u00edderes campesinos e ind\u00edgenas cruce\u00f1os reiteran su rechazo a las medidas impuestas por el Comit\u00e9 Interinstitucional del Censo. La Federaci\u00f3n de Asociaciones Municipales de Bolivia (FAM-Bolivia), La Asociaci\u00f3n de Municipios de Santa Cruz (Amdecruz), Gobernadores de diferentes departamentos, la Federaci\u00f3n de Mujeres Ind\u00edgenas Originarias Campesinas de Santa Cruz \u201cBartolina Sisa\u201d y la Central Obrera Boliviana (COB), entre otros, manifestaron p\u00fablicamente su desacuerdo.<\/p>\n\n\n\n<p>Pedro Dami\u00e1n Dorado, vicepresidente de Amdecruz, afirm\u00f3 que el paro indefinido anunciado en Santa Cruz est\u00e1 liderado por sectores que no necesitan trabajar, y que \u201cno les importa la econom\u00eda\u201d.<\/p>\n\n\n\n<p>La ejecutiva de la Federaci\u00f3n de Mujeres Ind\u00edgenas Originarias Campesinas de Santa Cruz \u201cBartolina Sisa\u201d,Felipa Yalili Montenegro, asegur\u00f3 que el \u00e1rea rural cruce\u00f1a no acatar\u00e1 el paro y asistir\u00e1 al Cabildo del Pueblo.<\/p>\n\n\n\n<p>Por su parte, Justo Molina, presidente de la Cidob se\u00f1al\u00f3 que: <em>\u201cnosotros necesitamos trabajar y rechazamos de manera categ\u00f3rica el paro c\u00edvico y por ello hemos convocado a nuestras bases a una vigilia permanente a partir del viernes\u201d.<\/em><\/p>\n\n\n\n<p>Aldo L\u00f3pez, representante de los Gremiales, ratific\u00f3 que la mayor\u00eda del sector \u2013con excepci\u00f3n de algunos dirigentes no reconocidos\u2013 rechaza las medidas del Comit\u00e9 y que en un ampliado departamental determinar\u00e1n acciones en defensa de su derecho laboral.<\/p>\n\n\n\n<p>La COB y el Pacto de Unidad, que agrupan a las organizaciones y movimientos sociales m\u00e1s grandes y representativos de todo el pa\u00eds, ya se pronunciaron abiertamente y en distintas oportunidades para condenar la politizaci\u00f3n del gobernador Camacho y los c\u00edvicos cruce\u00f1os en torno al censo.<\/p>\n\n\n\n<p>El director general de la FAM Bolivia, Rodrigo Puerta, inform\u00f3 que la entidad se suma al pronunciamiento de la regional cruce\u00f1a Amdecruz y ratifica su rechazo al paro indefinido.<\/p>\n","protected":false},"excerpt":{"rendered":"<p>Alcaldes, dirigentes de diversos sectores, universitarios y l\u00edderes campesinos e ind\u00edgenas cruce\u00f1os reiteran su rechazo a las medidas impuestas por el Comit\u00e9 Interinstitucional del Censo. La Federaci\u00f3n de Asociaciones Municipales de Bolivia (FAM-Bolivia), La Asociaci\u00f3n de Municipios de Santa Cruz (Amdecruz), Gobernadores de diferentes departamentos, la Federaci\u00f3n de Mujeres Ind\u00edgenas Originarias Campesinas de Santa Cruz \u201cBartolina Sisa\u201d y la Central Obrera Boliviana (COB), entre otros, manifestaron p\u00fablicamente su desacuerdo. Pedro Dami\u00e1n Dorado, vicepresidente de Amdecruz, afirm\u00f3 que el paro indefinido anunciado en Santa Cruz est\u00e1 liderado por sectores que no necesitan trabajar, y que \u201cno les importa la econom\u00eda\u201d. La<\/p>\n","protected":false},"author":2,"featured_media":29457,"comment_status":"closed","ping_status":"open","sticky":false,"template":"","format":"standard","meta":{"_seopress_robots_primary_cat":"none","_seopress_titles_title":"","_seopress_titles_desc":"","_seopress_robots_index":"","_jetpack_memberships_contains_paid_content":false,"footnotes":""},"categories":[103],"tags":[109,2734,147,2410,167],"class_list":["post-29455","post","type-post","status-publish","format-standard","has-post-thumbnail","hentry","category-nacional","tag-bolivia","tag-civicos-crucenos","tag-paro-indefinido","tag-rechazo","tag-santa-cruz"],"jetpack_featured_media_url":"https:\/\/elradar.info\/wp-content\/uploads\/2022\/10\/2120636902.jpg","jetpack_sharing_enabled":true,"amp_enabled":true,"_links":{"self":[{"href":"https:\/\/elradar.info\/index.php?rest_route=\/wp\/v2\/posts\/29455","targetHints":{"allow":["GET"]}}],"collection":[{"href":"https:\/\/elradar.info\/index.php?rest_route=\/wp\/v2\/posts"}],"about":[{"href":"https:\/\/elradar.info\/index.php?rest_route=\/wp\/v2\/types\/post"}],"author":[{"embeddable":true,"href":"https:\/\/elradar.info\/index.php?rest_route=\/wp\/v2\/users\/2"}],"replies":[{"embeddable":true,"href":"https:\/\/elradar.info\/index.php?rest_route=%2Fwp%2Fv2%2Fcomments&post=29455"}],"version-history":[{"count":1,"href":"https:\/\/elradar.info\/index.php?rest_route=\/wp\/v2\/posts\/29455\/revisions"}],"predecessor-version":[{"id":29458,"href":"https:\/\/elradar.info\/index.php?rest_route=\/wp\/v2\/posts\/29455\/revisions\/29458"}],"wp:featuredmedia":[{"embeddable":true,"href":"https:\/\/elradar.info\/index.php?rest_route=\/wp\/v2\/media\/29457"}],"wp:attachment":[{"href":"https:\/\/elradar.info\/index.php?rest_route=%2Fwp%2Fv2%2Fmedia&parent=29455"}],"wp:term":[{"taxonomy":"category","embeddable":true,"href":"https:\/\/elradar.info\/index.php?rest_route=%2Fwp%2Fv2%2Fcategories&post=29455"},{"taxonomy":"post_tag","embeddable":true,"href":"https:\/\/elradar.info\/index.php?rest_route=%2Fwp%2Fv2%2Ftags&post=29455"}],"curies":[{"name":"wp","href":"https:\/\/api.w.org\/{rel}","templated":true}]}}