{"id":29459,"date":"2022-10-18T16:48:43","date_gmt":"2022-10-18T20:48:43","guid":{"rendered":"http:\/\/elradar.info\/?p=29459"},"modified":"2024-02-01T12:14:07","modified_gmt":"2024-02-01T16:14:07","slug":"hoy-se-cumplen-2-anos-de-la-victoria-de-luis-arce-y-david-choquehuanca","status":"publish","type":"post","link":"https:\/\/elradar.info\/?p=29459","title":{"rendered":"<strong>Hoy se cumplen 2 a\u00f1os de la victoria de Luis Arce y David Choquehuanca<\/strong>"},"content":{"rendered":"\n<p>El Presidente del Estado Plurinacional de Bolivia, Luis Arce Catacora, acompa\u00f1ado del vicepresidente, David Choquehuanca, este martes participaron del \u201cD\u00eda de la Recuperaci\u00f3n de la Democracia Intercultural\u201d, fecha que se recuerda hoy 18 de octubre mediante el Decreto Supremo 4459.<\/p>\n\n\n\n<p>El primer mandatario, en medio de las muestras de cari\u00f1o de la poblaci\u00f3n que se congreg\u00f3 masivamente en Plaza Murillo, record\u00f3 que en 2020 el MAS gan\u00f3 con m\u00e1s del 55% de los votos, en medio de un gobierno de facto represor que hab\u00eda controlado el poder electoral.<\/p>\n\n\n\n<p><em>\u201cNosotros nunca dejamos de confiar en la conciencia de los bolivianos y no dudamos de que el pueblo quer\u00eda un gobierno del pueblo y para el pueblo, gracias Bolivia por ese apoyo\u201d<\/em>, se\u00f1al\u00f3 Luis Arce.\u00a0<\/p>\n","protected":false},"excerpt":{"rendered":"<p>El Presidente del Estado Plurinacional de Bolivia, Luis Arce Catacora, acompa\u00f1ado del vicepresidente, David Choquehuanca, este martes participaron del \u201cD\u00eda de la Recuperaci\u00f3n de la Democracia Intercultural\u201d, fecha que se recuerda hoy 18 de octubre mediante el Decreto Supremo 4459. El primer mandatario, en medio de las muestras de cari\u00f1o de la poblaci\u00f3n que se congreg\u00f3 masivamente en Plaza Murillo, record\u00f3 que en 2020 el MAS gan\u00f3 con m\u00e1s del 55% de los votos, en medio de un gobierno de facto represor que hab\u00eda controlado el poder electoral. \u201cNosotros nunca dejamos de confiar en la conciencia de los bolivianos y<\/p>\n","protected":false},"author":2,"featured_media":29461,"comment_status":"closed","ping_status":"open","sticky":false,"template":"","format":"standard","meta":{"_seopress_robots_primary_cat":"none","_seopress_titles_title":"","_seopress_titles_desc":"","_seopress_robots_index":"","_jetpack_memberships_contains_paid_content":false,"footnotes":""},"categories":[103],"tags":[109,144,4837,120],"class_list":["post-29459","post","type-post","status-publish","format-standard","has-post-thumbnail","hentry","category-nacional","tag-bolivia","tag-david-choquehuanca","tag-dia-de-la-recuperacion-de-la-democracia-intercultural","tag-luis-arce-catacora"],"jetpack_featured_media_url":"https:\/\/elradar.info\/wp-content\/uploads\/2022\/10\/David-Choquehuanca-y-Luis-Arce.jpg","jetpack_sharing_enabled":true,"amp_enabled":true,"_links":{"self":[{"href":"https:\/\/elradar.info\/index.php?rest_route=\/wp\/v2\/posts\/29459","targetHints":{"allow":["GET"]}}],"collection":[{"href":"https:\/\/elradar.info\/index.php?rest_route=\/wp\/v2\/posts"}],"about":[{"href":"https:\/\/elradar.info\/index.php?rest_route=\/wp\/v2\/types\/post"}],"author":[{"embeddable":true,"href":"https:\/\/elradar.info\/index.php?rest_route=\/wp\/v2\/users\/2"}],"replies":[{"embeddable":true,"href":"https:\/\/elradar.info\/index.php?rest_route=%2Fwp%2Fv2%2Fcomments&post=29459"}],"version-history":[{"count":1,"href":"https:\/\/elradar.info\/index.php?rest_route=\/wp\/v2\/posts\/29459\/revisions"}],"predecessor-version":[{"id":29462,"href":"https:\/\/elradar.info\/index.php?rest_route=\/wp\/v2\/posts\/29459\/revisions\/29462"}],"wp:featuredmedia":[{"embeddable":true,"href":"https:\/\/elradar.info\/index.php?rest_route=\/wp\/v2\/media\/29461"}],"wp:attachment":[{"href":"https:\/\/elradar.info\/index.php?rest_route=%2Fwp%2Fv2%2Fmedia&parent=29459"}],"wp:term":[{"taxonomy":"category","embeddable":true,"href":"https:\/\/elradar.info\/index.php?rest_route=%2Fwp%2Fv2%2Fcategories&post=29459"},{"taxonomy":"post_tag","embeddable":true,"href":"https:\/\/elradar.info\/index.php?rest_route=%2Fwp%2Fv2%2Ftags&post=29459"}],"curies":[{"name":"wp","href":"https:\/\/api.w.org\/{rel}","templated":true}]}}