{"id":29480,"date":"2022-10-19T11:35:22","date_gmt":"2022-10-19T15:35:22","guid":{"rendered":"http:\/\/elradar.info\/?p=29480"},"modified":"2024-02-01T12:14:07","modified_gmt":"2024-02-01T16:14:07","slug":"video-del-vocalista-de-maroyu-cantando-en-una-comisaria-policial-se-hace-viral","status":"publish","type":"post","link":"https:\/\/elradar.info\/?p=29480","title":{"rendered":"<strong>Video del vocalista de Maroyu cantando en una comisar\u00eda policial se hace viral<\/strong>"},"content":{"rendered":"\n<p>El vocalista del grupo de cumbia Maroyu, fue filmado cantando a capela la canci\u00f3n \u201cLindas Chiquillas\u201d en el interior de una comisar\u00eda policial.<\/p>\n\n\n\n<p><em>\u201cEse d\u00eda tuve un peque\u00f1o percance y llame a los amigos de la Polic\u00eda, los cuales se tomaron la molestia de recogerme y una vez en las oficinas de la Polic\u00eda se dieron cuenta que era cantante y les dedique una canci\u00f3n. No comet\u00ed ning\u00fan delito y agradezco a la Polic\u00eda\u201d<\/em>, dijo el vocalista.<\/p>\n\n\n\n<p>El video fue publicado en Facebook y en TikTok. Varios usuarios compartieron el clip y comenzaron a realizar comentarios de apoyo, pero tambi\u00e9n de cr\u00edticas hacia el artista.<\/p>\n\n\n\n<p>Horas m\u00e1s tarde, Jhonny Claros, vocalista de Maroyu, us\u00f3 sus redes sociales para aclarar que no fue arrestado y que su persona pidi\u00f3 la ayuda de la Polic\u00eda, ante un percance que tuvo.<\/p>\n\n\n\n<figure class=\"wp-block-video\"><video controls src=\"https:\/\/elradar.info\/wp-content\/uploads\/2022\/10\/309384690_781845483038843_5589228895989204066_n.mp4\"><\/video><\/figure>\n","protected":false},"excerpt":{"rendered":"<p>El vocalista del grupo de cumbia Maroyu, fue filmado cantando a capela la canci\u00f3n \u201cLindas Chiquillas\u201d en el interior de una comisar\u00eda policial. \u201cEse d\u00eda tuve un peque\u00f1o percance y llame a los amigos de la Polic\u00eda, los cuales se tomaron la molestia de recogerme y una vez en las oficinas de la Polic\u00eda se dieron cuenta que era cantante y les dedique una canci\u00f3n. No comet\u00ed ning\u00fan delito y agradezco a la Polic\u00eda\u201d, dijo el vocalista. El video fue publicado en Facebook y en TikTok. Varios usuarios compartieron el clip y comenzaron a realizar comentarios de apoyo, pero tambi\u00e9n<\/p>\n","protected":false},"author":2,"featured_media":29484,"comment_status":"closed","ping_status":"open","sticky":false,"template":"","format":"standard","meta":{"_seopress_robots_primary_cat":"none","_seopress_titles_title":"","_seopress_titles_desc":"","_seopress_robots_index":"","_jetpack_memberships_contains_paid_content":false,"footnotes":""},"categories":[103],"tags":[109,4847,4849,4846,1397,2381,1958,4848],"class_list":["post-29480","post","type-post","status-publish","format-standard","has-post-thumbnail","hentry","category-nacional","tag-bolivia","tag-comisaria","tag-jhonny-claros","tag-maroyu","tag-policia","tag-redes-sociales","tag-viral","tag-vocalista"],"jetpack_featured_media_url":"https:\/\/elradar.info\/wp-content\/uploads\/2022\/10\/maroyu19104.png","jetpack_sharing_enabled":true,"amp_enabled":true,"_links":{"self":[{"href":"https:\/\/elradar.info\/index.php?rest_route=\/wp\/v2\/posts\/29480","targetHints":{"allow":["GET"]}}],"collection":[{"href":"https:\/\/elradar.info\/index.php?rest_route=\/wp\/v2\/posts"}],"about":[{"href":"https:\/\/elradar.info\/index.php?rest_route=\/wp\/v2\/types\/post"}],"author":[{"embeddable":true,"href":"https:\/\/elradar.info\/index.php?rest_route=\/wp\/v2\/users\/2"}],"replies":[{"embeddable":true,"href":"https:\/\/elradar.info\/index.php?rest_route=%2Fwp%2Fv2%2Fcomments&post=29480"}],"version-history":[{"count":1,"href":"https:\/\/elradar.info\/index.php?rest_route=\/wp\/v2\/posts\/29480\/revisions"}],"predecessor-version":[{"id":29485,"href":"https:\/\/elradar.info\/index.php?rest_route=\/wp\/v2\/posts\/29480\/revisions\/29485"}],"wp:featuredmedia":[{"embeddable":true,"href":"https:\/\/elradar.info\/index.php?rest_route=\/wp\/v2\/media\/29484"}],"wp:attachment":[{"href":"https:\/\/elradar.info\/index.php?rest_route=%2Fwp%2Fv2%2Fmedia&parent=29480"}],"wp:term":[{"taxonomy":"category","embeddable":true,"href":"https:\/\/elradar.info\/index.php?rest_route=%2Fwp%2Fv2%2Fcategories&post=29480"},{"taxonomy":"post_tag","embeddable":true,"href":"https:\/\/elradar.info\/index.php?rest_route=%2Fwp%2Fv2%2Ftags&post=29480"}],"curies":[{"name":"wp","href":"https:\/\/api.w.org\/{rel}","templated":true}]}}