{"id":29503,"date":"2022-10-19T15:25:22","date_gmt":"2022-10-19T19:25:22","guid":{"rendered":"http:\/\/elradar.info\/?p=29503"},"modified":"2024-02-01T12:14:06","modified_gmt":"2024-02-01T16:14:06","slug":"continuan-los-cuestionamientos-a-la-labor-de-ivan-arias","status":"publish","type":"post","link":"https:\/\/elradar.info\/?p=29503","title":{"rendered":"<strong>Contin\u00faan los cuestionamientos a la labor de Iv\u00e1n Arias<\/strong>"},"content":{"rendered":"\n<p>Resurgen los cuestionamientos por el trabajo de Iv\u00e1n Arias en la alcald\u00eda de La Paz, esta vez por los enfrentamientos producto del reordenamiento vehicular que causaron caos en la ciudad la anterior semana y que a\u00fan no vislumbran una soluci\u00f3n.<\/p>\n\n\n\n<p>Otro fuerte cuestionamiento hacia Arias fue lo acontecido con la dirigencia del llamado control social, donde se aprob\u00f3 un presupuesto para el 2023 que disminuye recursos para educaci\u00f3n, salud y prevenci\u00f3n de riesgo y aumenta para la contrataci\u00f3n de consultores externos e internos dentro del municipio. Sumado a esto est\u00e1 el cr\u00e9dito financiero del Banco Visa, por m\u00e1s de 175 millones de bolivianos, supuestamente destinado a continuar con el remozado de plazas y parques, siendo que, seg\u00fan autoridades en educaci\u00f3n, existen otros temas de mayor urgencia, como la reparaci\u00f3n y equipamiento de centros educativos.<\/p>\n\n\n\n<p>A trav\u00e9s de los medios de comunicaci\u00f3n y las redes sociales tambi\u00e9n se cuestion\u00f3 que no se hayan hecho obras de impacto y que muchas de las que se present\u00f3, por ejemplo, durante la efem\u00e9ride departamental, se tratara del repintado de trabajos preexistentes hechos por anteriores administraciones.<\/p>\n\n\n\n<p>Esperando solucionar el problema con el transporte interciudad, Arias tiene programada una reuni\u00f3n el lunes con representantes de los transportistas.<\/p>\n","protected":false},"excerpt":{"rendered":"<p>Resurgen los cuestionamientos por el trabajo de Iv\u00e1n Arias en la alcald\u00eda de La Paz, esta vez por los enfrentamientos producto del reordenamiento vehicular que causaron caos en la ciudad la anterior semana y que a\u00fan no vislumbran una soluci\u00f3n. Otro fuerte cuestionamiento hacia Arias fue lo acontecido con la dirigencia del llamado control social, donde se aprob\u00f3 un presupuesto para el 2023 que disminuye recursos para educaci\u00f3n, salud y prevenci\u00f3n de riesgo y aumenta para la contrataci\u00f3n de consultores externos e internos dentro del municipio. Sumado a esto est\u00e1 el cr\u00e9dito financiero del Banco Visa, por m\u00e1s de 175<\/p>\n","protected":false},"author":2,"featured_media":29505,"comment_status":"closed","ping_status":"open","sticky":false,"template":"","format":"standard","meta":{"_seopress_robots_primary_cat":"none","_seopress_titles_title":"","_seopress_titles_desc":"","_seopress_robots_index":"","_jetpack_memberships_contains_paid_content":false,"footnotes":""},"categories":[103],"tags":[481,109,4857,300,293],"class_list":["post-29503","post","type-post","status-publish","format-standard","has-post-thumbnail","hentry","category-nacional","tag-alcaldia","tag-bolivia","tag-cuestionamientos","tag-ivan-arias","tag-la-paz"],"jetpack_featured_media_url":"https:\/\/elradar.info\/wp-content\/uploads\/2022\/10\/WhatsApp-Image-2022-10-19-at-10.56.54-AM.jpeg","jetpack_sharing_enabled":true,"amp_enabled":true,"_links":{"self":[{"href":"https:\/\/elradar.info\/index.php?rest_route=\/wp\/v2\/posts\/29503","targetHints":{"allow":["GET"]}}],"collection":[{"href":"https:\/\/elradar.info\/index.php?rest_route=\/wp\/v2\/posts"}],"about":[{"href":"https:\/\/elradar.info\/index.php?rest_route=\/wp\/v2\/types\/post"}],"author":[{"embeddable":true,"href":"https:\/\/elradar.info\/index.php?rest_route=\/wp\/v2\/users\/2"}],"replies":[{"embeddable":true,"href":"https:\/\/elradar.info\/index.php?rest_route=%2Fwp%2Fv2%2Fcomments&post=29503"}],"version-history":[{"count":1,"href":"https:\/\/elradar.info\/index.php?rest_route=\/wp\/v2\/posts\/29503\/revisions"}],"predecessor-version":[{"id":29506,"href":"https:\/\/elradar.info\/index.php?rest_route=\/wp\/v2\/posts\/29503\/revisions\/29506"}],"wp:featuredmedia":[{"embeddable":true,"href":"https:\/\/elradar.info\/index.php?rest_route=\/wp\/v2\/media\/29505"}],"wp:attachment":[{"href":"https:\/\/elradar.info\/index.php?rest_route=%2Fwp%2Fv2%2Fmedia&parent=29503"}],"wp:term":[{"taxonomy":"category","embeddable":true,"href":"https:\/\/elradar.info\/index.php?rest_route=%2Fwp%2Fv2%2Fcategories&post=29503"},{"taxonomy":"post_tag","embeddable":true,"href":"https:\/\/elradar.info\/index.php?rest_route=%2Fwp%2Fv2%2Ftags&post=29503"}],"curies":[{"name":"wp","href":"https:\/\/api.w.org\/{rel}","templated":true}]}}