{"id":29606,"date":"2022-10-21T12:57:29","date_gmt":"2022-10-21T16:57:29","guid":{"rendered":"http:\/\/elradar.info\/?p=29606"},"modified":"2024-02-01T12:14:04","modified_gmt":"2024-02-01T16:14:04","slug":"el-cabildo-del-pueblo","status":"publish","type":"post","link":"https:\/\/elradar.info\/?p=29606","title":{"rendered":"<strong>El Cabildo del Pueblo<\/strong>"},"content":{"rendered":"\n<p>Hoy, 21 de octubre de 2022, a las 17.00 se realiza el gran Cabildo del Pueblo Cruce\u00f1o para Defender la Democracia. La concentraci\u00f3n ser\u00e1 en el Chiriguano para decirle NO a la confrontaci\u00f3n y al paro que amenaza la paz y la econom\u00eda.<\/p>\n\n\n\n<p>Representantes de la sociedad civil organizada, campesinos, interculturales, productores, transportistas, trabajadores, gremiales, comerciantes, estudiantes universitarios, entre otros sectores, rechazaron el paro promovido por el gobernador Fernando Camacho, el c\u00edvico R\u00f3mulo Calvo, y el rector de la Universidad Aut\u00f3noma Gabriel Ren\u00e9 Moreno (UAGRM) Vicente Cuellar.<\/p>\n\n\n\n<p>Adem\u00e1s, garantizaron su participaci\u00f3n en el Gran Cabildo del Pueblo para contrarrestar los efectos negativos que ocasionar\u00e1 el paro indefinido.<\/p>\n\n\n\n<p>L\u00edderes del llamado Comit\u00e9 Interinstitucional demandan adelantar el censo para 2023, aunque el Gobierno, respaldado por organismos internacionales, mostr\u00f3 la viabilidad de la reprogramaci\u00f3n concertada en el Consejo Nacional de Autonom\u00edas (CNA) hasta el primer semestre de 2024, como plazo m\u00e1ximo.<\/p>\n","protected":false},"excerpt":{"rendered":"<p>Hoy, 21 de octubre de 2022, a las 17.00 se realiza el gran Cabildo del Pueblo Cruce\u00f1o para Defender la Democracia. La concentraci\u00f3n ser\u00e1 en el Chiriguano para decirle NO a la confrontaci\u00f3n y al paro que amenaza la paz y la econom\u00eda. Representantes de la sociedad civil organizada, campesinos, interculturales, productores, transportistas, trabajadores, gremiales, comerciantes, estudiantes universitarios, entre otros sectores, rechazaron el paro promovido por el gobernador Fernando Camacho, el c\u00edvico R\u00f3mulo Calvo, y el rector de la Universidad Aut\u00f3noma Gabriel Ren\u00e9 Moreno (UAGRM) Vicente Cuellar. Adem\u00e1s, garantizaron su participaci\u00f3n en el Gran Cabildo del Pueblo para contrarrestar los<\/p>\n","protected":false},"author":2,"featured_media":29614,"comment_status":"closed","ping_status":"open","sticky":false,"template":"","format":"standard","meta":{"_seopress_robots_primary_cat":"none","_seopress_titles_title":"","_seopress_titles_desc":"","_seopress_robots_index":"","_jetpack_memberships_contains_paid_content":false,"footnotes":""},"categories":[103],"tags":[109,4913,3819,4914,145,393],"class_list":["post-29606","post","type-post","status-publish","format-standard","has-post-thumbnail","hentry","category-nacional","tag-bolivia","tag-cabildo-del-pueblo","tag-concentracion","tag-defensa","tag-democracia","tag-paro"],"jetpack_featured_media_url":"https:\/\/elradar.info\/wp-content\/uploads\/2022\/10\/312601780_666074478460033_7508959364421396868_n.jpg","jetpack_sharing_enabled":true,"amp_enabled":true,"_links":{"self":[{"href":"https:\/\/elradar.info\/index.php?rest_route=\/wp\/v2\/posts\/29606","targetHints":{"allow":["GET"]}}],"collection":[{"href":"https:\/\/elradar.info\/index.php?rest_route=\/wp\/v2\/posts"}],"about":[{"href":"https:\/\/elradar.info\/index.php?rest_route=\/wp\/v2\/types\/post"}],"author":[{"embeddable":true,"href":"https:\/\/elradar.info\/index.php?rest_route=\/wp\/v2\/users\/2"}],"replies":[{"embeddable":true,"href":"https:\/\/elradar.info\/index.php?rest_route=%2Fwp%2Fv2%2Fcomments&post=29606"}],"version-history":[{"count":1,"href":"https:\/\/elradar.info\/index.php?rest_route=\/wp\/v2\/posts\/29606\/revisions"}],"predecessor-version":[{"id":29609,"href":"https:\/\/elradar.info\/index.php?rest_route=\/wp\/v2\/posts\/29606\/revisions\/29609"}],"wp:featuredmedia":[{"embeddable":true,"href":"https:\/\/elradar.info\/index.php?rest_route=\/wp\/v2\/media\/29614"}],"wp:attachment":[{"href":"https:\/\/elradar.info\/index.php?rest_route=%2Fwp%2Fv2%2Fmedia&parent=29606"}],"wp:term":[{"taxonomy":"category","embeddable":true,"href":"https:\/\/elradar.info\/index.php?rest_route=%2Fwp%2Fv2%2Fcategories&post=29606"},{"taxonomy":"post_tag","embeddable":true,"href":"https:\/\/elradar.info\/index.php?rest_route=%2Fwp%2Fv2%2Ftags&post=29606"}],"curies":[{"name":"wp","href":"https:\/\/api.w.org\/{rel}","templated":true}]}}