{"id":29681,"date":"2022-10-24T11:13:33","date_gmt":"2022-10-24T15:13:33","guid":{"rendered":"http:\/\/elradar.info\/?p=29681"},"modified":"2024-02-01T12:14:03","modified_gmt":"2024-02-01T16:14:03","slug":"apuntan-a-camacho-y-calvo-por-la-muerte-en-puerto-quijarro","status":"publish","type":"post","link":"https:\/\/elradar.info\/?p=29681","title":{"rendered":"<strong>Apuntan a Camacho y Calvo por la muerte en Puerto Quijarro<\/strong>"},"content":{"rendered":"\n<p>El procurador general del Estado, Wilfredo Ch\u00e1vez, sugiri\u00f3 este s\u00e1bado caer sobre el presidente del comit\u00e9 c\u00edvico R\u00f3mulo Calvo y el Gobernador de Santa Cruz, Luis Fernando Camacho, por la muerte de Juan Pablo Taborga, un mec\u00e1nico soldador que fue la primera v\u00edctima del paro indefinido en la regi\u00f3n fronteriza de Puerto Quijarro.<\/p>\n\n\n\n<p><em>\u201cCamacho, Calvo y los gamonales del Comit\u00e9 C\u00ednico se ba\u00f1an con la sangre de los pobres. Asesinos, sobre ellos debe de inmediato caer la investigaci\u00f3n. Toda la violencia dirigida y coordinada desde esa cueva de delincuentes\u201d<\/em>, escribi\u00f3 en su cuenta de twitter.<\/p>\n\n\n\n<p>El pronunciamiento de Ch\u00e1vez es el m\u00e1s fuerte que ha pronunciado una autoridad de gobierno, luego que la ma\u00f1ana de este s\u00e1bado se reportara la muerte de Taborga en medio de enfrentamientos entre c\u00edvicos que bloqueaban la ruta internacional hacia Brasil y grupos de comerciantes que rechazaban la medida de presi\u00f3n.<\/p>\n\n\n\n<p>Por su parte, el diputado Rolando Cu\u00e9llar responsabiliz\u00f3 a Calvo, Camacho y Vicente Cu\u00e9llar por la muerte del mec\u00e1nico y anunci\u00f3 que preparar\u00e1n la querella criminal contra el subgobernador de la provincia Germ\u00e1n Busch y el comit\u00e9 c\u00edvico de Puerto Quijarro, Mario Rodr\u00edguez Ojopi y el dirigente c\u00edvico de Arroyo Concepci\u00f3n, Antonio Ch\u00e1vez.<\/p>\n\n\n\n<p><em>\u201cEste acto terrorista, criminal y asesino que han cometido contra este ciudadano Juan Pablo Taborga, estos criminales van a tener que responder con todo el peso de la ley y coordinaremos con la Fiscal\u00eda General del Estado y la Polic\u00eda Boliviana para que se pueda aprehender al subgobernador de Germ\u00e1n Busch y dos dirigentes c\u00edvicos\u201d<\/em>, manifest\u00f3 en su video mensaje.<\/p>\n\n\n\n<p>El presidente Luis Arce se pronunci\u00f3 sobre la necesidad de investigar y sancionar a los responsables de ese hecho producido en la poblaci\u00f3n de Puerto Quijarro.&nbsp;&nbsp;<\/p>\n\n\n\n<p>Seg\u00fan el relato de la esposa, Taborga fue atacado con palos por parte de los c\u00edvicos que intentaron instalar un punto de bloqueo en esa regi\u00f3n. Dijo que los del comit\u00e9 c\u00edvico llegaron con dinamitas, bombas caseras, con palos y responsabiliz\u00f3 de esa movilizaci\u00f3n al gobernador Luis Fernando Camacho.<\/p>\n","protected":false},"excerpt":{"rendered":"<p>El procurador general del Estado, Wilfredo Ch\u00e1vez, sugiri\u00f3 este s\u00e1bado caer sobre el presidente del comit\u00e9 c\u00edvico R\u00f3mulo Calvo y el Gobernador de Santa Cruz, Luis Fernando Camacho, por la muerte de Juan Pablo Taborga, un mec\u00e1nico soldador que fue la primera v\u00edctima del paro indefinido en la regi\u00f3n fronteriza de Puerto Quijarro. \u201cCamacho, Calvo y los gamonales del Comit\u00e9 C\u00ednico se ba\u00f1an con la sangre de los pobres. Asesinos, sobre ellos debe de inmediato caer la investigaci\u00f3n. Toda la violencia dirigida y coordinada desde esa cueva de delincuentes\u201d, escribi\u00f3 en su cuenta de twitter. El pronunciamiento de Ch\u00e1vez es<\/p>\n","protected":false},"author":2,"featured_media":29683,"comment_status":"closed","ping_status":"open","sticky":false,"template":"","format":"standard","meta":{"_seopress_robots_primary_cat":"none","_seopress_titles_title":"","_seopress_titles_desc":"","_seopress_robots_index":"","_jetpack_memberships_contains_paid_content":false,"footnotes":""},"categories":[103],"tags":[109,4934,235,2509,4923,395,167,4361],"class_list":["post-29681","post","type-post","status-publish","format-standard","has-post-thumbnail","hentry","category-nacional","tag-bolivia","tag-juan-pablo-taborga","tag-luis-fernando-camacho","tag-muerte","tag-puerto-quijarro","tag-romulo-calvo","tag-santa-cruz","tag-wilfredo-chavez"],"jetpack_featured_media_url":"https:\/\/elradar.info\/wp-content\/uploads\/2022\/10\/FotoJet-22.jpg","jetpack_sharing_enabled":true,"amp_enabled":true,"_links":{"self":[{"href":"https:\/\/elradar.info\/index.php?rest_route=\/wp\/v2\/posts\/29681","targetHints":{"allow":["GET"]}}],"collection":[{"href":"https:\/\/elradar.info\/index.php?rest_route=\/wp\/v2\/posts"}],"about":[{"href":"https:\/\/elradar.info\/index.php?rest_route=\/wp\/v2\/types\/post"}],"author":[{"embeddable":true,"href":"https:\/\/elradar.info\/index.php?rest_route=\/wp\/v2\/users\/2"}],"replies":[{"embeddable":true,"href":"https:\/\/elradar.info\/index.php?rest_route=%2Fwp%2Fv2%2Fcomments&post=29681"}],"version-history":[{"count":1,"href":"https:\/\/elradar.info\/index.php?rest_route=\/wp\/v2\/posts\/29681\/revisions"}],"predecessor-version":[{"id":29684,"href":"https:\/\/elradar.info\/index.php?rest_route=\/wp\/v2\/posts\/29681\/revisions\/29684"}],"wp:featuredmedia":[{"embeddable":true,"href":"https:\/\/elradar.info\/index.php?rest_route=\/wp\/v2\/media\/29683"}],"wp:attachment":[{"href":"https:\/\/elradar.info\/index.php?rest_route=%2Fwp%2Fv2%2Fmedia&parent=29681"}],"wp:term":[{"taxonomy":"category","embeddable":true,"href":"https:\/\/elradar.info\/index.php?rest_route=%2Fwp%2Fv2%2Fcategories&post=29681"},{"taxonomy":"post_tag","embeddable":true,"href":"https:\/\/elradar.info\/index.php?rest_route=%2Fwp%2Fv2%2Ftags&post=29681"}],"curies":[{"name":"wp","href":"https:\/\/api.w.org\/{rel}","templated":true}]}}