{"id":29701,"date":"2022-10-24T12:18:51","date_gmt":"2022-10-24T16:18:51","guid":{"rendered":"http:\/\/elradar.info\/?p=29701"},"modified":"2024-02-01T12:14:02","modified_gmt":"2024-02-01T16:14:02","slug":"mineros-cooperativistas-marchan-en-la-paz","status":"publish","type":"post","link":"https:\/\/elradar.info\/?p=29701","title":{"rendered":"<strong>Mineros cooperativistas marchan en La Paz<\/strong>"},"content":{"rendered":"\n<p>Una marcha de mineros cooperativistas recorre en este momento las calles pace\u00f1as pidiendo el cumplimiento de un pliego petitorio de ocho puntos que, seg\u00fan sus dirigentes, no fue atendido desde agosto del pasado a\u00f1o:<\/p>\n\n\n\n<p>\u201c<em>Nosotros, a ra\u00edz de un pliego petitorio de ocho puntos de las cooperativas mineras, no tenemos respuesta desde el 25 de agosto del a\u00f1o pasado. Hemos planteado un proyecto de r\u00e9gimen tributario del Oro como federaci\u00f3n Ferreco y Fecoman. Tambi\u00e9n pedimos una federaci\u00f3n nacional de mineras aur\u00edferas<\/em>\u201d, asever\u00f3 un dirigente cooperativista de Oruro.<\/p>\n\n\n\n<p>Otras de las exigencias de los mineros son la creaci\u00f3n de un proyecto de ley de R\u00e9gimen Tributario del Oro, as\u00ed como una federaci\u00f3n nacional de cooperativas mineras. La marcha inici\u00f3 desde el cementerio de la ciudad de La Paz y recorre las principales arterias bloqueando el tr\u00e1fico vehicular.<\/p>\n\n\n\n<p>La dirigencia de este sector amenaz\u00f3 con continuar con las medidas de presi\u00f3n si es que el gobierno no atiende a sus exigencias.<\/p>\n","protected":false},"excerpt":{"rendered":"<p>Una marcha de mineros cooperativistas recorre en este momento las calles pace\u00f1as pidiendo el cumplimiento de un pliego petitorio de ocho puntos que, seg\u00fan sus dirigentes, no fue atendido desde agosto del pasado a\u00f1o: \u201cNosotros, a ra\u00edz de un pliego petitorio de ocho puntos de las cooperativas mineras, no tenemos respuesta desde el 25 de agosto del a\u00f1o pasado. Hemos planteado un proyecto de r\u00e9gimen tributario del Oro como federaci\u00f3n Ferreco y Fecoman. Tambi\u00e9n pedimos una federaci\u00f3n nacional de mineras aur\u00edferas\u201d, asever\u00f3 un dirigente cooperativista de Oruro. Otras de las exigencias de los mineros son la creaci\u00f3n de un proyecto<\/p>\n","protected":false},"author":2,"featured_media":29703,"comment_status":"closed","ping_status":"open","sticky":false,"template":"","format":"standard","meta":{"_seopress_robots_primary_cat":"none","_seopress_titles_title":"","_seopress_titles_desc":"","_seopress_robots_index":"","_jetpack_memberships_contains_paid_content":false,"footnotes":""},"categories":[103],"tags":[109,4940,4939,293,2106,4649,319],"class_list":["post-29701","post","type-post","status-publish","format-standard","has-post-thumbnail","hentry","category-nacional","tag-bolivia","tag-fecoman","tag-ferreco","tag-la-paz","tag-marcha","tag-mineros","tag-oruro"],"jetpack_featured_media_url":"https:\/\/elradar.info\/wp-content\/uploads\/2022\/10\/whatsapp-image-2022-10-24-at-08-29_101-3547739_20221024125515.jpg","jetpack_sharing_enabled":true,"amp_enabled":true,"_links":{"self":[{"href":"https:\/\/elradar.info\/index.php?rest_route=\/wp\/v2\/posts\/29701","targetHints":{"allow":["GET"]}}],"collection":[{"href":"https:\/\/elradar.info\/index.php?rest_route=\/wp\/v2\/posts"}],"about":[{"href":"https:\/\/elradar.info\/index.php?rest_route=\/wp\/v2\/types\/post"}],"author":[{"embeddable":true,"href":"https:\/\/elradar.info\/index.php?rest_route=\/wp\/v2\/users\/2"}],"replies":[{"embeddable":true,"href":"https:\/\/elradar.info\/index.php?rest_route=%2Fwp%2Fv2%2Fcomments&post=29701"}],"version-history":[{"count":1,"href":"https:\/\/elradar.info\/index.php?rest_route=\/wp\/v2\/posts\/29701\/revisions"}],"predecessor-version":[{"id":29704,"href":"https:\/\/elradar.info\/index.php?rest_route=\/wp\/v2\/posts\/29701\/revisions\/29704"}],"wp:featuredmedia":[{"embeddable":true,"href":"https:\/\/elradar.info\/index.php?rest_route=\/wp\/v2\/media\/29703"}],"wp:attachment":[{"href":"https:\/\/elradar.info\/index.php?rest_route=%2Fwp%2Fv2%2Fmedia&parent=29701"}],"wp:term":[{"taxonomy":"category","embeddable":true,"href":"https:\/\/elradar.info\/index.php?rest_route=%2Fwp%2Fv2%2Fcategories&post=29701"},{"taxonomy":"post_tag","embeddable":true,"href":"https:\/\/elradar.info\/index.php?rest_route=%2Fwp%2Fv2%2Ftags&post=29701"}],"curies":[{"name":"wp","href":"https:\/\/api.w.org\/{rel}","templated":true}]}}