{"id":29774,"date":"2022-10-25T12:33:12","date_gmt":"2022-10-25T16:33:12","guid":{"rendered":"http:\/\/elradar.info\/?p=29774"},"modified":"2024-02-01T12:14:01","modified_gmt":"2024-02-01T16:14:01","slug":"andres-flores-es-el-nuevo-jefe-de-bancada-del-mas","status":"publish","type":"post","link":"https:\/\/elradar.info\/?p=29774","title":{"rendered":"<strong>Andr\u00e9s Flores es el nuevo jefe de bancada del MAS<\/strong>"},"content":{"rendered":"\n<p>En una reuni\u00f3n convocada por el presidente Luis Arce Catacora y el vicepresidente, David Choquehuanca, las jefaturas de bancadas de ocho de los nueve departamentos eligieron a Andr\u00e9s Flores, de La Paz, como nuevo jefe de bancada nacional, algo que gener\u00f3 el descontento de la representaci\u00f3n cochabambina, cuyo candidato a reelecci\u00f3n era Gualberto Arispe, que termin\u00f3 abandonando la reuni\u00f3n.<\/p>\n\n\n\n<p>Al tiempo de su nombramiento, Flores agradeci\u00f3 el apoyo de los jefes de las ocho bancadas departamentales y convoc\u00f3 a la unidad a la bancada de Cochabamba.<\/p>\n\n\n\n<p>Por su parte, Arispe se quej\u00f3 de que dicha elecci\u00f3n no formaba parte del temario de la reuni\u00f3n:<\/p>\n\n\n\n<p><em>\u201cLamentablemente, nos encontramos con una trampa, el cual se direcciona para poder elegir a un jefe de bancada no estando ni siquiera en el temario como deb\u00eda estar. En todo caso no deber\u00eda proceder\u201d<\/em>, dijo Arispe, quien tambi\u00e9n se\u00f1al\u00f3 que era \u00e9l, como actual jefe de bancada, quien deb\u00eda convocar la reuni\u00f3n para elegir a su sucesor, al mismo tiempo desconoci\u00f3 la jefatura de Flores y dijo que presentar\u00e1 acciones legales para anular la elecci\u00f3n.<\/p>\n\n\n\n<p>En la reuni\u00f3n tambi\u00e9n se eligi\u00f3 a los nuevos jefes de bancada de cada departamento.<\/p>\n","protected":false},"excerpt":{"rendered":"<p>En una reuni\u00f3n convocada por el presidente Luis Arce Catacora y el vicepresidente, David Choquehuanca, las jefaturas de bancadas de ocho de los nueve departamentos eligieron a Andr\u00e9s Flores, de La Paz, como nuevo jefe de bancada nacional, algo que gener\u00f3 el descontento de la representaci\u00f3n cochabambina, cuyo candidato a reelecci\u00f3n era Gualberto Arispe, que termin\u00f3 abandonando la reuni\u00f3n. Al tiempo de su nombramiento, Flores agradeci\u00f3 el apoyo de los jefes de las ocho bancadas departamentales y convoc\u00f3 a la unidad a la bancada de Cochabamba. Por su parte, Arispe se quej\u00f3 de que dicha elecci\u00f3n no formaba parte del<\/p>\n","protected":false},"author":2,"featured_media":29777,"comment_status":"closed","ping_status":"open","sticky":false,"template":"","format":"standard","meta":{"_seopress_robots_primary_cat":"none","_seopress_titles_title":"","_seopress_titles_desc":"","_seopress_robots_index":"","_jetpack_memberships_contains_paid_content":false,"footnotes":""},"categories":[103],"tags":[4349,109,2103,4961,628],"class_list":["post-29774","post","type-post","status-publish","format-standard","has-post-thumbnail","hentry","category-nacional","tag-andres-flores","tag-bolivia","tag-gualberto-arispe","tag-jefe-de-bancada","tag-mas"],"jetpack_featured_media_url":"https:\/\/elradar.info\/wp-content\/uploads\/2022\/10\/mas.jpg","jetpack_sharing_enabled":true,"amp_enabled":true,"_links":{"self":[{"href":"https:\/\/elradar.info\/index.php?rest_route=\/wp\/v2\/posts\/29774","targetHints":{"allow":["GET"]}}],"collection":[{"href":"https:\/\/elradar.info\/index.php?rest_route=\/wp\/v2\/posts"}],"about":[{"href":"https:\/\/elradar.info\/index.php?rest_route=\/wp\/v2\/types\/post"}],"author":[{"embeddable":true,"href":"https:\/\/elradar.info\/index.php?rest_route=\/wp\/v2\/users\/2"}],"replies":[{"embeddable":true,"href":"https:\/\/elradar.info\/index.php?rest_route=%2Fwp%2Fv2%2Fcomments&post=29774"}],"version-history":[{"count":1,"href":"https:\/\/elradar.info\/index.php?rest_route=\/wp\/v2\/posts\/29774\/revisions"}],"predecessor-version":[{"id":29778,"href":"https:\/\/elradar.info\/index.php?rest_route=\/wp\/v2\/posts\/29774\/revisions\/29778"}],"wp:featuredmedia":[{"embeddable":true,"href":"https:\/\/elradar.info\/index.php?rest_route=\/wp\/v2\/media\/29777"}],"wp:attachment":[{"href":"https:\/\/elradar.info\/index.php?rest_route=%2Fwp%2Fv2%2Fmedia&parent=29774"}],"wp:term":[{"taxonomy":"category","embeddable":true,"href":"https:\/\/elradar.info\/index.php?rest_route=%2Fwp%2Fv2%2Fcategories&post=29774"},{"taxonomy":"post_tag","embeddable":true,"href":"https:\/\/elradar.info\/index.php?rest_route=%2Fwp%2Fv2%2Ftags&post=29774"}],"curies":[{"name":"wp","href":"https:\/\/api.w.org\/{rel}","templated":true}]}}