{"id":29998,"date":"2022-10-28T17:31:36","date_gmt":"2022-10-28T21:31:36","guid":{"rendered":"http:\/\/elradar.info\/?p=29998"},"modified":"2024-02-01T12:13:58","modified_gmt":"2024-02-01T16:13:58","slug":"biblioteca-del-bicentenario-publica-un-nuevo-titulo","status":"publish","type":"post","link":"https:\/\/elradar.info\/?p=29998","title":{"rendered":"<strong>Biblioteca del Bicentenario publica un nuevo t\u00edtulo<\/strong>"},"content":{"rendered":"\n<p>La Biblioteca del Bicentenario (BBB) sum\u00f3 otro t\u00edtulo publicado llamado \u201c<em>La antolog\u00eda de diarios de viajes y expediciones\u201d<\/em>. Es la quincuag\u00e9sima segunda publicaci\u00f3n del proyecto editorial m\u00e1s grande de Bolivia.&nbsp;<\/p>\n\n\n\n<p>El libro re\u00fane textos desde el siglo XVI hasta mediados del siglo XX y cuenta con relatos descriptivos sobre la \u00e9poca y con una amplia cobertura geogr\u00e1fica. El libro agrupa 39 art\u00edculos, los cuales se extienden en m\u00e1s de 700 p\u00e1ginas. La selecci\u00f3n&nbsp; estuvo a cargo de Ana Mar\u00eda Lema, una reconocida historiadora y docente de la Universidad Mayor de San Andr\u00e9s (UMSA).<\/p>\n\n\n\n<p>La obra est\u00e1 dividida en tres partes: \u201cRecorriendo Charcas en el Periodo Colonial\u201d, que recopila textos del periodo mencionado; \u201cUn nuevo pa\u00eds: Bolivia en el siglo XIX\u201d el cual expone las memorias de viajes motivados por intereses cient\u00edficos, y \u201cBolivia en el siglo XX\u201d que se centra en la zona del Chaco y de las Tierras Bajas.<\/p>\n","protected":false},"excerpt":{"rendered":"<p>La Biblioteca del Bicentenario (BBB) sum\u00f3 otro t\u00edtulo publicado llamado \u201cLa antolog\u00eda de diarios de viajes y expediciones\u201d. Es la quincuag\u00e9sima segunda publicaci\u00f3n del proyecto editorial m\u00e1s grande de Bolivia.&nbsp; El libro re\u00fane textos desde el siglo XVI hasta mediados del siglo XX y cuenta con relatos descriptivos sobre la \u00e9poca y con una amplia cobertura geogr\u00e1fica. El libro agrupa 39 art\u00edculos, los cuales se extienden en m\u00e1s de 700 p\u00e1ginas. La selecci\u00f3n&nbsp; estuvo a cargo de Ana Mar\u00eda Lema, una reconocida historiadora y docente de la Universidad Mayor de San Andr\u00e9s (UMSA). La obra est\u00e1 dividida en tres partes:<\/p>\n","protected":false},"author":2,"featured_media":30000,"comment_status":"closed","ping_status":"open","sticky":false,"template":"","format":"standard","meta":{"_seopress_robots_primary_cat":"none","_seopress_titles_title":"","_seopress_titles_desc":"","_seopress_robots_index":"","_jetpack_memberships_contains_paid_content":false,"footnotes":""},"categories":[127,103],"tags":[5036,4195,109,5035,1974],"class_list":["post-29998","post","type-post","status-publish","format-standard","has-post-thumbnail","hentry","category-cultura","category-nacional","tag-ana-maria-lema","tag-biblioteca-del-bicentenario","tag-bolivia","tag-la-antologia-de-diarios-de-viajes-y-expediciones","tag-universidad-mayor-de-san-andres"],"jetpack_featured_media_url":"https:\/\/elradar.info\/wp-content\/uploads\/2022\/10\/Viajes-605x600-1.jpg","jetpack_sharing_enabled":true,"amp_enabled":true,"_links":{"self":[{"href":"https:\/\/elradar.info\/index.php?rest_route=\/wp\/v2\/posts\/29998","targetHints":{"allow":["GET"]}}],"collection":[{"href":"https:\/\/elradar.info\/index.php?rest_route=\/wp\/v2\/posts"}],"about":[{"href":"https:\/\/elradar.info\/index.php?rest_route=\/wp\/v2\/types\/post"}],"author":[{"embeddable":true,"href":"https:\/\/elradar.info\/index.php?rest_route=\/wp\/v2\/users\/2"}],"replies":[{"embeddable":true,"href":"https:\/\/elradar.info\/index.php?rest_route=%2Fwp%2Fv2%2Fcomments&post=29998"}],"version-history":[{"count":1,"href":"https:\/\/elradar.info\/index.php?rest_route=\/wp\/v2\/posts\/29998\/revisions"}],"predecessor-version":[{"id":30001,"href":"https:\/\/elradar.info\/index.php?rest_route=\/wp\/v2\/posts\/29998\/revisions\/30001"}],"wp:featuredmedia":[{"embeddable":true,"href":"https:\/\/elradar.info\/index.php?rest_route=\/wp\/v2\/media\/30000"}],"wp:attachment":[{"href":"https:\/\/elradar.info\/index.php?rest_route=%2Fwp%2Fv2%2Fmedia&parent=29998"}],"wp:term":[{"taxonomy":"category","embeddable":true,"href":"https:\/\/elradar.info\/index.php?rest_route=%2Fwp%2Fv2%2Fcategories&post=29998"},{"taxonomy":"post_tag","embeddable":true,"href":"https:\/\/elradar.info\/index.php?rest_route=%2Fwp%2Fv2%2Ftags&post=29998"}],"curies":[{"name":"wp","href":"https:\/\/api.w.org\/{rel}","templated":true}]}}