{"id":30040,"date":"2022-10-30T10:48:54","date_gmt":"2022-10-30T14:48:54","guid":{"rendered":"http:\/\/elradar.info\/?p=30040"},"modified":"2024-02-01T12:13:57","modified_gmt":"2024-02-01T16:13:57","slug":"marcha-que-parte-de-yapacani-exige-la-renuncia-de-luis-fernando-camacho","status":"publish","type":"post","link":"https:\/\/elradar.info\/?p=30040","title":{"rendered":"<strong>Marcha que parte de Yapacan\u00ed exige la renuncia de Luis Fernando Camacho<\/strong>"},"content":{"rendered":"\n<p>En el municipio de Yapacan\u00ed del departamento de Santa Cruz ayer, s\u00e1bado 29 de octubre de 2022, se llev\u00f3 a cabo un cabildo que determin\u00f3 realizar una marcha rumbo a la capital cruce\u00f1a para manifestarse en contra del paro c\u00edvico que se desarrolla en esa ciudad desde hace m\u00e1s de una semana. La marcha pedir\u00e1 tambi\u00e9n el revocatorio del gobernador Luis Fernando Camacho porque, seg\u00fan se dijo en el cabildo, al continuar con el paro indefinido no piensa en los sectores m\u00e1s pobres.<\/p>\n\n\n\n<p>El cabildo de Yapacani cont\u00f3 con la presencia de diferentes organizaciones sociales, as\u00ed como con pobladores de los municipios de Buena Vista, San Carlos y Santa Rosa del Sara, los mismos que iniciaron un bloqueo en la ruta que une los departamentos de Cochabamba y Santa Cruz en respuesta a las decisiones del Comit\u00e9 Interinstitucional.<\/p>\n\n\n\n<p>Al respecto, la ejecutiva de la Federaci\u00f3n de Gremiales de Santa Cruz, Aracely Villarroel, expres\u00f3:<em> \u201cPedir al gobernador que d\u00e9 un paso al costado, que piense en el pueblo de Bolivia y en los m\u00e1s pobres, porque hoy son las familias m\u00e1s pobres las que m\u00e1s sufren\u201d.<\/em><\/p>\n\n\n\n<figure class=\"wp-block-image size-large\"><img loading=\"lazy\" decoding=\"async\" width=\"1024\" height=\"461\" src=\"https:\/\/elradar.info\/wp-content\/uploads\/2022\/10\/312414853_644919807350062_7359338422271275685_n-1024x461.jpg\" alt=\"\" class=\"wp-image-30043\" srcset=\"https:\/\/elradar.info\/wp-content\/uploads\/2022\/10\/312414853_644919807350062_7359338422271275685_n-1024x461.jpg 1024w, https:\/\/elradar.info\/wp-content\/uploads\/2022\/10\/312414853_644919807350062_7359338422271275685_n-300x135.jpg 300w, https:\/\/elradar.info\/wp-content\/uploads\/2022\/10\/312414853_644919807350062_7359338422271275685_n-768x346.jpg 768w, https:\/\/elradar.info\/wp-content\/uploads\/2022\/10\/312414853_644919807350062_7359338422271275685_n-480x216.jpg 480w, https:\/\/elradar.info\/wp-content\/uploads\/2022\/10\/312414853_644919807350062_7359338422271275685_n.jpg 1280w\" sizes=\"auto, (max-width: 1024px) 100vw, 1024px\" \/><\/figure>\n","protected":false},"excerpt":{"rendered":"<p>En el municipio de Yapacan\u00ed del departamento de Santa Cruz ayer, s\u00e1bado 29 de octubre de 2022, se llev\u00f3 a cabo un cabildo que determin\u00f3 realizar una marcha rumbo a la capital cruce\u00f1a para manifestarse en contra del paro c\u00edvico que se desarrolla en esa ciudad desde hace m\u00e1s de una semana. La marcha pedir\u00e1 tambi\u00e9n el revocatorio del gobernador Luis Fernando Camacho porque, seg\u00fan se dijo en el cabildo, al continuar con el paro indefinido no piensa en los sectores m\u00e1s pobres. El cabildo de Yapacani cont\u00f3 con la presencia de diferentes organizaciones sociales, as\u00ed como con pobladores de<\/p>\n","protected":false},"author":2,"featured_media":30042,"comment_status":"closed","ping_status":"open","sticky":false,"template":"","format":"standard","meta":{"_seopress_robots_primary_cat":"none","_seopress_titles_title":"","_seopress_titles_desc":"","_seopress_robots_index":"","_jetpack_memberships_contains_paid_content":false,"footnotes":""},"categories":[103],"tags":[109,235,2106,1671,167,5048,2401],"class_list":["post-30040","post","type-post","status-publish","format-standard","has-post-thumbnail","hentry","category-nacional","tag-bolivia","tag-luis-fernando-camacho","tag-marcha","tag-renuncia","tag-santa-cruz","tag-santa-rosa-del-sara","tag-yapacani"],"jetpack_featured_media_url":"https:\/\/elradar.info\/wp-content\/uploads\/2022\/10\/313004831_644920150683361_8646260699861006094_n.jpg","jetpack_sharing_enabled":true,"amp_enabled":true,"_links":{"self":[{"href":"https:\/\/elradar.info\/index.php?rest_route=\/wp\/v2\/posts\/30040","targetHints":{"allow":["GET"]}}],"collection":[{"href":"https:\/\/elradar.info\/index.php?rest_route=\/wp\/v2\/posts"}],"about":[{"href":"https:\/\/elradar.info\/index.php?rest_route=\/wp\/v2\/types\/post"}],"author":[{"embeddable":true,"href":"https:\/\/elradar.info\/index.php?rest_route=\/wp\/v2\/users\/2"}],"replies":[{"embeddable":true,"href":"https:\/\/elradar.info\/index.php?rest_route=%2Fwp%2Fv2%2Fcomments&post=30040"}],"version-history":[{"count":1,"href":"https:\/\/elradar.info\/index.php?rest_route=\/wp\/v2\/posts\/30040\/revisions"}],"predecessor-version":[{"id":30044,"href":"https:\/\/elradar.info\/index.php?rest_route=\/wp\/v2\/posts\/30040\/revisions\/30044"}],"wp:featuredmedia":[{"embeddable":true,"href":"https:\/\/elradar.info\/index.php?rest_route=\/wp\/v2\/media\/30042"}],"wp:attachment":[{"href":"https:\/\/elradar.info\/index.php?rest_route=%2Fwp%2Fv2%2Fmedia&parent=30040"}],"wp:term":[{"taxonomy":"category","embeddable":true,"href":"https:\/\/elradar.info\/index.php?rest_route=%2Fwp%2Fv2%2Fcategories&post=30040"},{"taxonomy":"post_tag","embeddable":true,"href":"https:\/\/elradar.info\/index.php?rest_route=%2Fwp%2Fv2%2Ftags&post=30040"}],"curies":[{"name":"wp","href":"https:\/\/api.w.org\/{rel}","templated":true}]}}