{"id":30068,"date":"2022-10-31T14:56:46","date_gmt":"2022-10-31T18:56:46","guid":{"rendered":"http:\/\/elradar.info\/?p=30068"},"modified":"2024-02-01T12:13:57","modified_gmt":"2024-02-01T16:13:57","slug":"gobierno-desmiente-autorizacion-de-ingreso-de-empresas-mineras-a-las-areas-protegidas","status":"publish","type":"post","link":"https:\/\/elradar.info\/?p=30068","title":{"rendered":"<strong>Gobierno desmiente autorizaci\u00f3n de ingreso de empresas mineras a las \u00e1reas protegidas<\/strong>"},"content":{"rendered":"\n<p>A trav\u00e9s de Teodoro Mamani, director del Servicio Nacional de \u00c1reas Protegidas, el gobierno nacional desmiente que se haya dado v\u00eda libre a las empresas mineras para iniciar la explotaci\u00f3n en \u00e1reas protegidas del pa\u00eds.<\/p>\n\n\n\n<p>Mamani asegur\u00f3 que <em>\u201cno se tiene previsto dar ninguna autorizaci\u00f3n de explotaci\u00f3n\u201d<\/em> en el Madidi, Apolobamba y Cotapata, y que las empresas que se encuentran trabajando en estas localidades tienen permisos que datan de 1995, fecha anterior a su declaraci\u00f3n como \u201c\u00e1reas protegidas\u201d.<\/p>\n\n\n\n<p>Aclar\u00f3 tambi\u00e9n que, al momento de asumir la presidencia, el gobierno de Luis Arce Catacora encontr\u00f3 en el \u00c1rea Protegida del Madidi, 25 licencias vigentes, de las que revirti\u00f3 4 y anul\u00f3 17 que fueron autorizadas por el gobierno de facto de Jeanine \u00c1\u00f1ez.<\/p>\n\n\n\n<p>Las cooperativas de Cotapata tambi\u00e9n ser\u00edan preconstituidas y se encontrar\u00edan bajo fiscalizaci\u00f3n del Estado, seg\u00fan lo especificado por el art. 369.IV de la CPE, para lo cual el SERNAP suscribi\u00f3 un acta en la que los mineros se comprometen al cuidado del medio ambiente. Seg\u00fan fuentes gubernamentales fue este documento el que est\u00e1 siendo presentado por activistas queriendo argumentar <em>\u201cun nuevo acuerdo de penetraci\u00f3n en favor de las cooperativas\u201d.<\/em><\/p>\n","protected":false},"excerpt":{"rendered":"<p>A trav\u00e9s de Teodoro Mamani, director del Servicio Nacional de \u00c1reas Protegidas, el gobierno nacional desmiente que se haya dado v\u00eda libre a las empresas mineras para iniciar la explotaci\u00f3n en \u00e1reas protegidas del pa\u00eds. Mamani asegur\u00f3 que \u201cno se tiene previsto dar ninguna autorizaci\u00f3n de explotaci\u00f3n\u201d en el Madidi, Apolobamba y Cotapata, y que las empresas que se encuentran trabajando en estas localidades tienen permisos que datan de 1995, fecha anterior a su declaraci\u00f3n como \u201c\u00e1reas protegidas\u201d. Aclar\u00f3 tambi\u00e9n que, al momento de asumir la presidencia, el gobierno de Luis Arce Catacora encontr\u00f3 en el \u00c1rea Protegida del Madidi,<\/p>\n","protected":false},"author":2,"featured_media":30070,"comment_status":"closed","ping_status":"open","sticky":false,"template":"","format":"standard","meta":{"_seopress_robots_primary_cat":"none","_seopress_titles_title":"","_seopress_titles_desc":"","_seopress_robots_index":"","_jetpack_memberships_contains_paid_content":false,"footnotes":""},"categories":[103],"tags":[5060,5062,109,5061,708,5063,5058,5059],"class_list":["post-30068","post","type-post","status-publish","format-standard","has-post-thumbnail","hentry","category-nacional","tag-areas-protegidas","tag-autorizacion","tag-bolivia","tag-empresas-mineras","tag-gobierno-nacional","tag-ingreso","tag-sernap","tag-teodoro-mamani"],"jetpack_featured_media_url":"https:\/\/elradar.info\/wp-content\/uploads\/2022\/10\/sernapp.jpg","jetpack_sharing_enabled":true,"amp_enabled":true,"_links":{"self":[{"href":"https:\/\/elradar.info\/index.php?rest_route=\/wp\/v2\/posts\/30068","targetHints":{"allow":["GET"]}}],"collection":[{"href":"https:\/\/elradar.info\/index.php?rest_route=\/wp\/v2\/posts"}],"about":[{"href":"https:\/\/elradar.info\/index.php?rest_route=\/wp\/v2\/types\/post"}],"author":[{"embeddable":true,"href":"https:\/\/elradar.info\/index.php?rest_route=\/wp\/v2\/users\/2"}],"replies":[{"embeddable":true,"href":"https:\/\/elradar.info\/index.php?rest_route=%2Fwp%2Fv2%2Fcomments&post=30068"}],"version-history":[{"count":1,"href":"https:\/\/elradar.info\/index.php?rest_route=\/wp\/v2\/posts\/30068\/revisions"}],"predecessor-version":[{"id":30071,"href":"https:\/\/elradar.info\/index.php?rest_route=\/wp\/v2\/posts\/30068\/revisions\/30071"}],"wp:featuredmedia":[{"embeddable":true,"href":"https:\/\/elradar.info\/index.php?rest_route=\/wp\/v2\/media\/30070"}],"wp:attachment":[{"href":"https:\/\/elradar.info\/index.php?rest_route=%2Fwp%2Fv2%2Fmedia&parent=30068"}],"wp:term":[{"taxonomy":"category","embeddable":true,"href":"https:\/\/elradar.info\/index.php?rest_route=%2Fwp%2Fv2%2Fcategories&post=30068"},{"taxonomy":"post_tag","embeddable":true,"href":"https:\/\/elradar.info\/index.php?rest_route=%2Fwp%2Fv2%2Ftags&post=30068"}],"curies":[{"name":"wp","href":"https:\/\/api.w.org\/{rel}","templated":true}]}}