{"id":30076,"date":"2022-10-31T15:18:11","date_gmt":"2022-10-31T19:18:11","guid":{"rendered":"http:\/\/elradar.info\/?p=30076"},"modified":"2024-02-01T12:13:57","modified_gmt":"2024-02-01T16:13:57","slug":"la-vida-de-las-personas-con-cancer-sufre-peligro-por-el-paro-cruceno","status":"publish","type":"post","link":"https:\/\/elradar.info\/?p=30076","title":{"rendered":"<strong>La vida de las personas con c\u00e1ncer sufre peligro por el paro cruce\u00f1o<\/strong>"},"content":{"rendered":"\n<p>La directora de la Agencia Boliviana de Energ\u00eda Nuclear (ABEN), Hortensia Jim\u00e9nez, indic\u00f3 ayer que el paro c\u00edvico de Santa Cruz reduce la esperanza de vida de los pacientes con c\u00e1ncer, cuyos tratamientos se han suspendido o no comenzaron.<\/p>\n\n\n\n<p><em>\u201cEl paro reduce la esperanza de vida de los pacientes para quienes un minuto es importante, m\u00e1s a\u00fan un d\u00eda. Vemos con dolor c\u00f3mo no podemos ayudarlos. Algunos incluso intentaron llegar, pero es imposible. Son personas que est\u00e1n d\u00e9biles por la enfermedad y los tratamientos, as\u00ed no pueden caminar grandes distancias. Hemos tenido que suspender tratamientos de quimioterapia con mucha preocupaci\u00f3n. Un minuto es importante para la vida de alguien que sufre esta enfermedad\u201d,<\/em> declar\u00f3 Jim\u00e9nez.<\/p>\n\n\n\n<p>La imposibilidad de transitar tambi\u00e9n ha impedido que se trasladen los insumos necesarios para el diagn\u00f3stico y tratamientos en los que se especializa el CMNyTC. Los radiof\u00e1rmacos requeridos en los servicios tienen una vida \u00fatil muy corta, por lo tanto no llegan a tiempo al centro.<\/p>\n\n\n\n<p><em>\u201cIncluso si nuestros pacientes lograran llegar, en muchos casos no podr\u00edan recibir la atenci\u00f3n que tienen programada por falta de insumos. Es desesperante. El paro es una acci\u00f3n en contra del derecho a la vida, en contra de la salud de la poblaci\u00f3n\u201d<\/em>, afirm\u00f3 la autoridad.<\/p>\n\n\n\n<p>El coordinador del CMNyTC en Santa Cruz de la Sierra, Mario \u00c1valos, inform\u00f3 que ya se han cancelado siete sesiones de quimioterapia y que las salas de atenci\u00f3n est\u00e1n absolutamente vac\u00edas desde que se inici\u00f3 el paro. Tambi\u00e9n dio a conocer que gran parte del personal del centro tuvo que trasladarse temporalmente a vivir cerca, para llegar a tiempo a sus fuentes de trabajo.<\/p>\n","protected":false},"excerpt":{"rendered":"<p>La directora de la Agencia Boliviana de Energ\u00eda Nuclear (ABEN), Hortensia Jim\u00e9nez, indic\u00f3 ayer que el paro c\u00edvico de Santa Cruz reduce la esperanza de vida de los pacientes con c\u00e1ncer, cuyos tratamientos se han suspendido o no comenzaron. \u201cEl paro reduce la esperanza de vida de los pacientes para quienes un minuto es importante, m\u00e1s a\u00fan un d\u00eda. Vemos con dolor c\u00f3mo no podemos ayudarlos. Algunos incluso intentaron llegar, pero es imposible. Son personas que est\u00e1n d\u00e9biles por la enfermedad y los tratamientos, as\u00ed no pueden caminar grandes distancias. Hemos tenido que suspender tratamientos de quimioterapia con mucha preocupaci\u00f3n.<\/p>\n","protected":false},"author":2,"featured_media":30078,"comment_status":"closed","ping_status":"open","sticky":false,"template":"","format":"standard","meta":{"_seopress_robots_primary_cat":"none","_seopress_titles_title":"","_seopress_titles_desc":"","_seopress_robots_index":"","_jetpack_memberships_contains_paid_content":false,"footnotes":""},"categories":[103,201],"tags":[1373,109,5070,393,5067,5069,229,167],"class_list":["post-30076","post","type-post","status-publish","format-standard","has-post-thumbnail","hentry","category-nacional","category-salud","tag-agencia-boliviana-de-energia-nuclear","tag-bolivia","tag-hortensia-jimenez","tag-paro","tag-peligro","tag-personas","tag-salud","tag-santa-cruz"],"jetpack_featured_media_url":"https:\/\/elradar.info\/wp-content\/uploads\/2022\/10\/nota99869_imagen104137.jpg","jetpack_sharing_enabled":true,"amp_enabled":true,"_links":{"self":[{"href":"https:\/\/elradar.info\/index.php?rest_route=\/wp\/v2\/posts\/30076","targetHints":{"allow":["GET"]}}],"collection":[{"href":"https:\/\/elradar.info\/index.php?rest_route=\/wp\/v2\/posts"}],"about":[{"href":"https:\/\/elradar.info\/index.php?rest_route=\/wp\/v2\/types\/post"}],"author":[{"embeddable":true,"href":"https:\/\/elradar.info\/index.php?rest_route=\/wp\/v2\/users\/2"}],"replies":[{"embeddable":true,"href":"https:\/\/elradar.info\/index.php?rest_route=%2Fwp%2Fv2%2Fcomments&post=30076"}],"version-history":[{"count":1,"href":"https:\/\/elradar.info\/index.php?rest_route=\/wp\/v2\/posts\/30076\/revisions"}],"predecessor-version":[{"id":30079,"href":"https:\/\/elradar.info\/index.php?rest_route=\/wp\/v2\/posts\/30076\/revisions\/30079"}],"wp:featuredmedia":[{"embeddable":true,"href":"https:\/\/elradar.info\/index.php?rest_route=\/wp\/v2\/media\/30078"}],"wp:attachment":[{"href":"https:\/\/elradar.info\/index.php?rest_route=%2Fwp%2Fv2%2Fmedia&parent=30076"}],"wp:term":[{"taxonomy":"category","embeddable":true,"href":"https:\/\/elradar.info\/index.php?rest_route=%2Fwp%2Fv2%2Fcategories&post=30076"},{"taxonomy":"post_tag","embeddable":true,"href":"https:\/\/elradar.info\/index.php?rest_route=%2Fwp%2Fv2%2Ftags&post=30076"}],"curies":[{"name":"wp","href":"https:\/\/api.w.org\/{rel}","templated":true}]}}