{"id":30093,"date":"2022-11-01T11:51:37","date_gmt":"2022-11-01T15:51:37","guid":{"rendered":"http:\/\/elradar.info\/?p=30093"},"modified":"2024-02-01T12:13:56","modified_gmt":"2024-02-01T16:13:56","slug":"luis-arce-posesiona-al-nuevo-alto-mando-militar","status":"publish","type":"post","link":"https:\/\/elradar.info\/?p=30093","title":{"rendered":"<strong>Luis Arce posesiona al nuevo alto mando militar<\/strong>"},"content":{"rendered":"\n<p>La ma\u00f1ana de este martes 1 de noviembre de 2022, el presidente Luis Arce Catacora posesion\u00f3 al nuevo alto mando de las Fuerzas Armadas. El primer mandatario expres\u00f3, en el acto de posesi\u00f3n, que \u201csobre todas las cosas\u201d el pueblo quiere paz:<\/p>\n\n\n\n<p><em>&#8220;El lugar de las Fuerzas Armadas est\u00e1 en el seno de su pueblo y su obligaci\u00f3n es defender al Gobierno leg\u00edtimamente elegido en las urnas y apegarse a la Constituci\u00f3n&#8221;<\/em>, manifest\u00f3.<\/p>\n\n\n\n<p>Este nombramiento responde a los conflictos desatados en Santa Cruz, que iniciaron con un pedido por censo 2023 y ahora parece una estrategia para la organizaci\u00f3n de un nuevo golpe de estado similar al gestado en 2019.<\/p>\n\n\n\n<p>El nuevo alto mando est\u00e1 conformado por:<\/p>\n\n\n\n<p>&#8211;&nbsp; &nbsp; &nbsp; &nbsp; &nbsp; Gral. Hugo Arandia, comandante en jefe de las Fuerzas Armadas.<\/p>\n\n\n\n<p>&#8211;&nbsp; &nbsp; &nbsp; &nbsp; &nbsp; Contralmte. Gonzalo Vigabriel, jefe del Estado Mayor.<\/p>\n\n\n\n<p>&#8211;&nbsp; &nbsp; &nbsp; &nbsp; &nbsp; Gral. Juan Jos\u00e9 Z\u00fa\u00f1iga, comandante del Ej\u00e9rcito.<\/p>\n\n\n\n<p>&#8211;&nbsp; &nbsp; &nbsp; &nbsp; &nbsp; Gral. Marcelo Zegarra, comandante de la Fuerza A\u00e9rea.<\/p>\n\n\n\n<p>&#8211;&nbsp; &nbsp; &nbsp; &nbsp; &nbsp; Contralmte. Juan Arn\u00e9z, comandante de la Armada.<\/p>\n\n\n\n<p>Con estos nuevos nombramientos, el alto mando militar reemplaza al posesionado en octubre de 2021.<\/p>\n","protected":false},"excerpt":{"rendered":"<p>La ma\u00f1ana de este martes 1 de noviembre de 2022, el presidente Luis Arce Catacora posesion\u00f3 al nuevo alto mando de las Fuerzas Armadas. El primer mandatario expres\u00f3, en el acto de posesi\u00f3n, que \u201csobre todas las cosas\u201d el pueblo quiere paz: &#8220;El lugar de las Fuerzas Armadas est\u00e1 en el seno de su pueblo y su obligaci\u00f3n es defender al Gobierno leg\u00edtimamente elegido en las urnas y apegarse a la Constituci\u00f3n&#8221;, manifest\u00f3. Este nombramiento responde a los conflictos desatados en Santa Cruz, que iniciaron con un pedido por censo 2023 y ahora parece una estrategia para la organizaci\u00f3n de<\/p>\n","protected":false},"author":2,"featured_media":30095,"comment_status":"closed","ping_status":"open","sticky":false,"template":"","format":"standard","meta":{"_seopress_robots_primary_cat":"none","_seopress_titles_title":"","_seopress_titles_desc":"","_seopress_robots_index":"","_jetpack_memberships_contains_paid_content":false,"footnotes":""},"categories":[103],"tags":[5072,109,2901,120,451],"class_list":["post-30093","post","type-post","status-publish","format-standard","has-post-thumbnail","hentry","category-nacional","tag-alto-mando-militar","tag-bolivia","tag-fuerzas-armadas","tag-luis-arce-catacora","tag-posesion"],"jetpack_featured_media_url":"https:\/\/elradar.info\/wp-content\/uploads\/2022\/11\/313877423_656861279226800_2519056336068999059_n.jpg","jetpack_sharing_enabled":true,"amp_enabled":true,"_links":{"self":[{"href":"https:\/\/elradar.info\/index.php?rest_route=\/wp\/v2\/posts\/30093","targetHints":{"allow":["GET"]}}],"collection":[{"href":"https:\/\/elradar.info\/index.php?rest_route=\/wp\/v2\/posts"}],"about":[{"href":"https:\/\/elradar.info\/index.php?rest_route=\/wp\/v2\/types\/post"}],"author":[{"embeddable":true,"href":"https:\/\/elradar.info\/index.php?rest_route=\/wp\/v2\/users\/2"}],"replies":[{"embeddable":true,"href":"https:\/\/elradar.info\/index.php?rest_route=%2Fwp%2Fv2%2Fcomments&post=30093"}],"version-history":[{"count":1,"href":"https:\/\/elradar.info\/index.php?rest_route=\/wp\/v2\/posts\/30093\/revisions"}],"predecessor-version":[{"id":30096,"href":"https:\/\/elradar.info\/index.php?rest_route=\/wp\/v2\/posts\/30093\/revisions\/30096"}],"wp:featuredmedia":[{"embeddable":true,"href":"https:\/\/elradar.info\/index.php?rest_route=\/wp\/v2\/media\/30095"}],"wp:attachment":[{"href":"https:\/\/elradar.info\/index.php?rest_route=%2Fwp%2Fv2%2Fmedia&parent=30093"}],"wp:term":[{"taxonomy":"category","embeddable":true,"href":"https:\/\/elradar.info\/index.php?rest_route=%2Fwp%2Fv2%2Fcategories&post=30093"},{"taxonomy":"post_tag","embeddable":true,"href":"https:\/\/elradar.info\/index.php?rest_route=%2Fwp%2Fv2%2Ftags&post=30093"}],"curies":[{"name":"wp","href":"https:\/\/api.w.org\/{rel}","templated":true}]}}