{"id":30313,"date":"2022-11-08T16:17:10","date_gmt":"2022-11-08T20:17:10","guid":{"rendered":"http:\/\/elradar.info\/?p=30313"},"modified":"2024-02-01T12:13:53","modified_gmt":"2024-02-01T16:13:53","slug":"evo-morales-se-alinea-con-camacho-y-culpa-a-luis-arce-de-la-demora-en-decidir-la-fecha-del-censo","status":"publish","type":"post","link":"https:\/\/elradar.info\/?p=30313","title":{"rendered":"<strong>Evo Morales se alinea con Camacho y culpa a Luis Arce de la demora en decidir la fecha del censo<\/strong>"},"content":{"rendered":"\n<p>Confirmando la ruptura con Luis Arce, Evo Morales twitte\u00f3 hoy un reclamo hacia el primer mandatario insinuando que es \u00e9l quien prolonga el paro indefinido en Santa Cruz, sin tener en cuenta que la decisi\u00f3n est\u00e1 en manos de una mesa t\u00e9cnica que se encuentra trabajando en Trinidad.<\/p>\n\n\n\n<p><em>\u201cComo MAS-IPSP al cumplirse 2 a\u00f1os del mandato democr\u00e1tico de nuestro gobierno dirigido por los hermanos #LuchoYDavid reiteramos nuestro pedido para que anuncie una fecha definitiva del censo y permita que el pueblo vuelva a trabajar. No decidir es prestarse al juego de la derecha\u201d<\/em>, escribi\u00f3 Morales.<\/p>\n\n\n\n<p>Esta divisi\u00f3n se mostr\u00f3 tambi\u00e9n en el hecho de que el MAS-IPSP no transmiti\u00f3 el discurso del presidente a trav\u00e9s de sus redes sociales, o en el hecho de que los partidarios de Morales se hayan quedado callados sin aplaudir el mismo, actitud que fue registrada por los medios de comunicaci\u00f3n.<\/p>\n\n\n\n<p>En respuesta a todo ello, el vicepresidente David Choquehuanca se refiri\u00f3 a los traidores en su discurso: <em>&#8220;Nuestra madre tierra oye, irradia nueva energ\u00eda y nos ense\u00f1a que los traidores ser\u00e1n traicionados, los mentirosos ser\u00e1n enga\u00f1ados y los ladrones ser\u00e1n robados, si est\u00e1s sembrando bien, no te preocupes de la cosecha&#8221;,<\/em> expres\u00f3 Choquehuanca.<\/p>\n","protected":false},"excerpt":{"rendered":"<p>Confirmando la ruptura con Luis Arce, Evo Morales twitte\u00f3 hoy un reclamo hacia el primer mandatario insinuando que es \u00e9l quien prolonga el paro indefinido en Santa Cruz, sin tener en cuenta que la decisi\u00f3n est\u00e1 en manos de una mesa t\u00e9cnica que se encuentra trabajando en Trinidad. \u201cComo MAS-IPSP al cumplirse 2 a\u00f1os del mandato democr\u00e1tico de nuestro gobierno dirigido por los hermanos #LuchoYDavid reiteramos nuestro pedido para que anuncie una fecha definitiva del censo y permita que el pueblo vuelva a trabajar. No decidir es prestarse al juego de la derecha\u201d, escribi\u00f3 Morales. Esta divisi\u00f3n se mostr\u00f3 tambi\u00e9n<\/p>\n","protected":false},"author":2,"featured_media":30315,"comment_status":"closed","ping_status":"open","sticky":false,"template":"","format":"standard","meta":{"_seopress_robots_primary_cat":"none","_seopress_titles_title":"","_seopress_titles_desc":"","_seopress_robots_index":"","_jetpack_memberships_contains_paid_content":false,"footnotes":""},"categories":[103],"tags":[109,4864,155,120,235,167],"class_list":["post-30313","post","type-post","status-publish","format-standard","has-post-thumbnail","hentry","category-nacional","tag-bolivia","tag-censo","tag-evo-morales","tag-luis-arce-catacora","tag-luis-fernando-camacho","tag-santa-cruz"],"jetpack_featured_media_url":"https:\/\/elradar.info\/wp-content\/uploads\/2022\/11\/Evo-Morales-baires-Argentina-rueda-de-prensa-Reuters.jpg","jetpack_sharing_enabled":true,"amp_enabled":true,"_links":{"self":[{"href":"https:\/\/elradar.info\/index.php?rest_route=\/wp\/v2\/posts\/30313","targetHints":{"allow":["GET"]}}],"collection":[{"href":"https:\/\/elradar.info\/index.php?rest_route=\/wp\/v2\/posts"}],"about":[{"href":"https:\/\/elradar.info\/index.php?rest_route=\/wp\/v2\/types\/post"}],"author":[{"embeddable":true,"href":"https:\/\/elradar.info\/index.php?rest_route=\/wp\/v2\/users\/2"}],"replies":[{"embeddable":true,"href":"https:\/\/elradar.info\/index.php?rest_route=%2Fwp%2Fv2%2Fcomments&post=30313"}],"version-history":[{"count":1,"href":"https:\/\/elradar.info\/index.php?rest_route=\/wp\/v2\/posts\/30313\/revisions"}],"predecessor-version":[{"id":30316,"href":"https:\/\/elradar.info\/index.php?rest_route=\/wp\/v2\/posts\/30313\/revisions\/30316"}],"wp:featuredmedia":[{"embeddable":true,"href":"https:\/\/elradar.info\/index.php?rest_route=\/wp\/v2\/media\/30315"}],"wp:attachment":[{"href":"https:\/\/elradar.info\/index.php?rest_route=%2Fwp%2Fv2%2Fmedia&parent=30313"}],"wp:term":[{"taxonomy":"category","embeddable":true,"href":"https:\/\/elradar.info\/index.php?rest_route=%2Fwp%2Fv2%2Fcategories&post=30313"},{"taxonomy":"post_tag","embeddable":true,"href":"https:\/\/elradar.info\/index.php?rest_route=%2Fwp%2Fv2%2Ftags&post=30313"}],"curies":[{"name":"wp","href":"https:\/\/api.w.org\/{rel}","templated":true}]}}