{"id":30368,"date":"2022-11-09T13:04:36","date_gmt":"2022-11-09T17:04:36","guid":{"rendered":"http:\/\/elradar.info\/?p=30368"},"modified":"2024-02-01T12:13:02","modified_gmt":"2024-02-01T16:13:02","slug":"grupos-de-choque-agredieron-a-sectores-sociales-en-buena-vista","status":"publish","type":"post","link":"https:\/\/elradar.info\/?p=30368","title":{"rendered":"<strong>Grupos de choque agredieron a sectores sociales en Buena Vista<\/strong>"},"content":{"rendered":"\n<p>El viceministro de Seguridad Ciudadana, Roberto R\u00edos inform\u00f3 que la noche de este martes, en Buena Vista, grupos de choque del gobernador Fernando Camacho y c\u00edvicos atacaron un cabildo de sectores sociales que rechazaba el paro c\u00edvico. Mientras tanto, en Portachuelo evitaron que polic\u00edas pasen hacia Buena Vista, justamente, para evitar hechos de violencia como los reportados.<\/p>\n\n\n\n<p>Videos que circulan en redes sociales mostraron c\u00f3mo bloqueadores afines a la l\u00ednea c\u00edvica y de la Gobernaci\u00f3n agredieron y lanzaron petardos de alta potencia a personas de los sectores sociales que acudieron a la zona para participar de un cabildo, donde decidieron declararse en vigilia frente&nbsp; al paro de c\u00edvicos que cumpli\u00f3 este martes 18 d\u00edas.<\/p>\n\n\n\n<p>Los enfrentamientos se dieron cerca de una estaci\u00f3n de venta de combustible, donde estaba parqueado un cami\u00f3n cisterna.<\/p>\n\n\n\n<p>\u201cEn este momento hay una tensa calma, se ha podido controlar; pero tenemos informes que a partir de la Uni\u00f3n Juvenil Cruce\u00f1ista y otros grupos de choque est\u00e1n convocando a que se re\u00fanan y se masifique el enfrentamiento, por lo cual tomamos las medidas para evitar enfrentamientos\u201d, inform\u00f3.<\/p>\n\n\n\n<p>El c\u00edvico R\u00f3mulo Calvo habl\u00f3 este martes de violencia, luego que sus delegados abandonaron la mesa t\u00e9cnica que en Trinidad debe definir la fecha del censo.<\/p>\n","protected":false},"excerpt":{"rendered":"<p>El viceministro de Seguridad Ciudadana, Roberto R\u00edos inform\u00f3 que la noche de este martes, en Buena Vista, grupos de choque del gobernador Fernando Camacho y c\u00edvicos atacaron un cabildo de sectores sociales que rechazaba el paro c\u00edvico. Mientras tanto, en Portachuelo evitaron que polic\u00edas pasen hacia Buena Vista, justamente, para evitar hechos de violencia como los reportados. Videos que circulan en redes sociales mostraron c\u00f3mo bloqueadores afines a la l\u00ednea c\u00edvica y de la Gobernaci\u00f3n agredieron y lanzaron petardos de alta potencia a personas de los sectores sociales que acudieron a la zona para participar de un cabildo, donde decidieron<\/p>\n","protected":false},"author":2,"featured_media":30370,"comment_status":"closed","ping_status":"open","sticky":false,"template":"","format":"standard","meta":{"_seopress_robots_primary_cat":"none","_seopress_titles_title":"","_seopress_titles_desc":"","_seopress_robots_index":"","_jetpack_memberships_contains_paid_content":false,"footnotes":""},"categories":[103],"tags":[4971,109,792,1794,3515,167,3549],"class_list":["post-30368","post","type-post","status-publish","format-standard","has-post-thumbnail","hentry","category-nacional","tag-agresiones","tag-bolivia","tag-buena-vista","tag-enfrentamientos","tag-grupos-de-choque","tag-santa-cruz","tag-sectores-sociales"],"jetpack_featured_media_url":"https:\/\/elradar.info\/wp-content\/uploads\/2022\/11\/enfrentamiento-sta-cruz.webp","jetpack_sharing_enabled":true,"amp_enabled":true,"_links":{"self":[{"href":"https:\/\/elradar.info\/index.php?rest_route=\/wp\/v2\/posts\/30368","targetHints":{"allow":["GET"]}}],"collection":[{"href":"https:\/\/elradar.info\/index.php?rest_route=\/wp\/v2\/posts"}],"about":[{"href":"https:\/\/elradar.info\/index.php?rest_route=\/wp\/v2\/types\/post"}],"author":[{"embeddable":true,"href":"https:\/\/elradar.info\/index.php?rest_route=\/wp\/v2\/users\/2"}],"replies":[{"embeddable":true,"href":"https:\/\/elradar.info\/index.php?rest_route=%2Fwp%2Fv2%2Fcomments&post=30368"}],"version-history":[{"count":1,"href":"https:\/\/elradar.info\/index.php?rest_route=\/wp\/v2\/posts\/30368\/revisions"}],"predecessor-version":[{"id":30371,"href":"https:\/\/elradar.info\/index.php?rest_route=\/wp\/v2\/posts\/30368\/revisions\/30371"}],"wp:featuredmedia":[{"embeddable":true,"href":"https:\/\/elradar.info\/index.php?rest_route=\/wp\/v2\/media\/30370"}],"wp:attachment":[{"href":"https:\/\/elradar.info\/index.php?rest_route=%2Fwp%2Fv2%2Fmedia&parent=30368"}],"wp:term":[{"taxonomy":"category","embeddable":true,"href":"https:\/\/elradar.info\/index.php?rest_route=%2Fwp%2Fv2%2Fcategories&post=30368"},{"taxonomy":"post_tag","embeddable":true,"href":"https:\/\/elradar.info\/index.php?rest_route=%2Fwp%2Fv2%2Ftags&post=30368"}],"curies":[{"name":"wp","href":"https:\/\/api.w.org\/{rel}","templated":true}]}}