{"id":30372,"date":"2022-11-09T13:11:12","date_gmt":"2022-11-09T17:11:12","guid":{"rendered":"http:\/\/elradar.info\/?p=30372"},"modified":"2024-02-01T12:13:02","modified_gmt":"2024-02-01T16:13:02","slug":"los-19-dias-de-paro-en-santa-cruz-se-cobran-la-vida-de-tres-victimas","status":"publish","type":"post","link":"https:\/\/elradar.info\/?p=30372","title":{"rendered":"<strong>Los 19 d\u00edas de paro en Santa Cruz se cobran la vida de tres v\u00edctimas<\/strong>"},"content":{"rendered":"\n<p>La primera v\u00edctima del paro indefinido, llevado adelante por Luis Fernando Camacho y el Comit\u00e9 C\u00edvico, muri\u00f3 en la localidad de Puerto Quijarro, se trat\u00f3 del funcionario municipal Julio Pablo Taborga, de 47 a\u00f1os, a quien los bloqueadores golpearon hasta quitarle la vida.<\/p>\n\n\n\n<p>La muerte de la segunda v\u00edctima fue en San Ignacio de Velasco, cuando el conductor de un veh\u00edculo tipo Ipsum intent\u00f3 cruzar un bloqueo y termin\u00f3 estrell\u00e1ndose contra un cami\u00f3n estacionado en la v\u00eda, ocasionando la muerte instant\u00e1nea de su copiloto.<\/p>\n\n\n\n<p>En las \u00faltimas horas, se conoci\u00f3 el tercer muerto, identificado como Eduardo Arancibia Barrancos, de 22 a\u00f1os de edad, quien perdi\u00f3 la vida al chocar con su motocicleta contra un cable que fue tendido de extremo a extremo en una de las calles de Santa Cruz, impidiendo el paso a los ciudadanos.<\/p>\n\n\n\n<p>Estos hechos, en lugar de iniciar el di\u00e1logo o la aceptaci\u00f3n de la decisi\u00f3n de la mesa t\u00e9cnica instalada en Trinidad, movieron a R\u00f3mulo Calvo a declarar la radicalizaci\u00f3n de las medidas de presi\u00f3n y a culpar de los futuros muertos al presidente Luis Arce Catacora.<\/p>\n","protected":false},"excerpt":{"rendered":"<p>La primera v\u00edctima del paro indefinido, llevado adelante por Luis Fernando Camacho y el Comit\u00e9 C\u00edvico, muri\u00f3 en la localidad de Puerto Quijarro, se trat\u00f3 del funcionario municipal Julio Pablo Taborga, de 47 a\u00f1os, a quien los bloqueadores golpearon hasta quitarle la vida. La muerte de la segunda v\u00edctima fue en San Ignacio de Velasco, cuando el conductor de un veh\u00edculo tipo Ipsum intent\u00f3 cruzar un bloqueo y termin\u00f3 estrell\u00e1ndose contra un cami\u00f3n estacionado en la v\u00eda, ocasionando la muerte instant\u00e1nea de su copiloto. En las \u00faltimas horas, se conoci\u00f3 el tercer muerto, identificado como Eduardo Arancibia Barrancos, de 22<\/p>\n","protected":false},"author":2,"featured_media":30374,"comment_status":"closed","ping_status":"open","sticky":false,"template":"","format":"standard","meta":{"_seopress_robots_primary_cat":"none","_seopress_titles_title":"","_seopress_titles_desc":"","_seopress_robots_index":"","_jetpack_memberships_contains_paid_content":false,"footnotes":""},"categories":[103],"tags":[109,5145,393,167,432],"class_list":["post-30372","post","type-post","status-publish","format-standard","has-post-thumbnail","hentry","category-nacional","tag-bolivia","tag-muertos","tag-paro","tag-santa-cruz","tag-victimas"],"jetpack_featured_media_url":"https:\/\/elradar.info\/wp-content\/uploads\/2022\/11\/petardos.jpg","jetpack_sharing_enabled":true,"amp_enabled":true,"_links":{"self":[{"href":"https:\/\/elradar.info\/index.php?rest_route=\/wp\/v2\/posts\/30372","targetHints":{"allow":["GET"]}}],"collection":[{"href":"https:\/\/elradar.info\/index.php?rest_route=\/wp\/v2\/posts"}],"about":[{"href":"https:\/\/elradar.info\/index.php?rest_route=\/wp\/v2\/types\/post"}],"author":[{"embeddable":true,"href":"https:\/\/elradar.info\/index.php?rest_route=\/wp\/v2\/users\/2"}],"replies":[{"embeddable":true,"href":"https:\/\/elradar.info\/index.php?rest_route=%2Fwp%2Fv2%2Fcomments&post=30372"}],"version-history":[{"count":1,"href":"https:\/\/elradar.info\/index.php?rest_route=\/wp\/v2\/posts\/30372\/revisions"}],"predecessor-version":[{"id":30375,"href":"https:\/\/elradar.info\/index.php?rest_route=\/wp\/v2\/posts\/30372\/revisions\/30375"}],"wp:featuredmedia":[{"embeddable":true,"href":"https:\/\/elradar.info\/index.php?rest_route=\/wp\/v2\/media\/30374"}],"wp:attachment":[{"href":"https:\/\/elradar.info\/index.php?rest_route=%2Fwp%2Fv2%2Fmedia&parent=30372"}],"wp:term":[{"taxonomy":"category","embeddable":true,"href":"https:\/\/elradar.info\/index.php?rest_route=%2Fwp%2Fv2%2Fcategories&post=30372"},{"taxonomy":"post_tag","embeddable":true,"href":"https:\/\/elradar.info\/index.php?rest_route=%2Fwp%2Fv2%2Ftags&post=30372"}],"curies":[{"name":"wp","href":"https:\/\/api.w.org\/{rel}","templated":true}]}}