{"id":30424,"date":"2022-11-10T14:13:25","date_gmt":"2022-11-10T18:13:25","guid":{"rendered":"http:\/\/elradar.info\/?p=30424"},"modified":"2024-02-01T12:13:02","modified_gmt":"2024-02-01T16:13:02","slug":"212-anos-de-gesta-libertaria-de-potosi","status":"publish","type":"post","link":"https:\/\/elradar.info\/?p=30424","title":{"rendered":"<strong>212 a\u00f1os de Gesta Libertaria de Potos\u00ed<\/strong>"},"content":{"rendered":"\n<p>El presidente Luis Arce Catacora inici\u00f3 la ma\u00f1ana de este jueves los actos protocolares liderados en conmemoraci\u00f3n de los 212 a\u00f1os de la gesta libertaria de Potos\u00ed.&nbsp;<\/p>\n\n\n\n<p>Con ofrendas florales e iza de las banderas, luego de recibir los honores militares del Regimiento de Infanter\u00eda 3 P\u00e9rez, el jefe de Estado cumpli\u00f3 con el protocolo en la plaza 10 de Noviembre y tras \u00e9l lo hicieron las autoridades nacionales y representantes de las entidades p\u00fablicas.<\/p>\n\n\n\n<p><em>\u201c\u00a1Qu\u00e9 viva Potos\u00ed! Con una ofrenda floral e iza de nuestras banderas, rendimos homenaje a nuestros h\u00e9roes de la gesta libertaria del 10 de noviembre de 1810\u201d<\/em>, escribi\u00f3 Arce en sus redes sociales.<\/p>\n\n\n\n<p>De acuerdo con el historiador Jos\u00e9 Fuentes L\u00f3pez, la revoluci\u00f3n del 10 de noviembre de 1810 fue la consecuencia de un proceso pol\u00edtico y social resuelto por la v\u00eda de las armas. Dicho proceso puso fin al dominio espa\u00f1ol, que generaba malestar entre algunos segmentos de la poblaci\u00f3n potosina.<\/p>\n","protected":false},"excerpt":{"rendered":"<p>El presidente Luis Arce Catacora inici\u00f3 la ma\u00f1ana de este jueves los actos protocolares liderados en conmemoraci\u00f3n de los 212 a\u00f1os de la gesta libertaria de Potos\u00ed.&nbsp; Con ofrendas florales e iza de las banderas, luego de recibir los honores militares del Regimiento de Infanter\u00eda 3 P\u00e9rez, el jefe de Estado cumpli\u00f3 con el protocolo en la plaza 10 de Noviembre y tras \u00e9l lo hicieron las autoridades nacionales y representantes de las entidades p\u00fablicas. \u201c\u00a1Qu\u00e9 viva Potos\u00ed! Con una ofrenda floral e iza de nuestras banderas, rendimos homenaje a nuestros h\u00e9roes de la gesta libertaria del 10 de noviembre<\/p>\n","protected":false},"author":2,"featured_media":30428,"comment_status":"closed","ping_status":"open","sticky":false,"template":"","format":"standard","meta":{"_seopress_robots_primary_cat":"none","_seopress_titles_title":"","_seopress_titles_desc":"","_seopress_robots_index":"","_jetpack_memberships_contains_paid_content":false,"footnotes":""},"categories":[103],"tags":[5158,402,109,5157,120,878],"class_list":["post-30424","post","type-post","status-publish","format-standard","has-post-thumbnail","hentry","category-nacional","tag-212-anos","tag-aniversario","tag-bolivia","tag-gesta-libertaria","tag-luis-arce-catacora","tag-potosi"],"jetpack_featured_media_url":"https:\/\/elradar.info\/wp-content\/uploads\/2022\/11\/potosi-refranes_df7a5a0c_1280x853.jpg","jetpack_sharing_enabled":true,"amp_enabled":true,"_links":{"self":[{"href":"https:\/\/elradar.info\/index.php?rest_route=\/wp\/v2\/posts\/30424","targetHints":{"allow":["GET"]}}],"collection":[{"href":"https:\/\/elradar.info\/index.php?rest_route=\/wp\/v2\/posts"}],"about":[{"href":"https:\/\/elradar.info\/index.php?rest_route=\/wp\/v2\/types\/post"}],"author":[{"embeddable":true,"href":"https:\/\/elradar.info\/index.php?rest_route=\/wp\/v2\/users\/2"}],"replies":[{"embeddable":true,"href":"https:\/\/elradar.info\/index.php?rest_route=%2Fwp%2Fv2%2Fcomments&post=30424"}],"version-history":[{"count":1,"href":"https:\/\/elradar.info\/index.php?rest_route=\/wp\/v2\/posts\/30424\/revisions"}],"predecessor-version":[{"id":30429,"href":"https:\/\/elradar.info\/index.php?rest_route=\/wp\/v2\/posts\/30424\/revisions\/30429"}],"wp:featuredmedia":[{"embeddable":true,"href":"https:\/\/elradar.info\/index.php?rest_route=\/wp\/v2\/media\/30428"}],"wp:attachment":[{"href":"https:\/\/elradar.info\/index.php?rest_route=%2Fwp%2Fv2%2Fmedia&parent=30424"}],"wp:term":[{"taxonomy":"category","embeddable":true,"href":"https:\/\/elradar.info\/index.php?rest_route=%2Fwp%2Fv2%2Fcategories&post=30424"},{"taxonomy":"post_tag","embeddable":true,"href":"https:\/\/elradar.info\/index.php?rest_route=%2Fwp%2Fv2%2Ftags&post=30424"}],"curies":[{"name":"wp","href":"https:\/\/api.w.org\/{rel}","templated":true}]}}