{"id":30500,"date":"2022-11-11T11:32:03","date_gmt":"2022-11-11T15:32:03","guid":{"rendered":"http:\/\/elradar.info\/?p=30500"},"modified":"2024-02-01T12:13:01","modified_gmt":"2024-02-01T16:13:01","slug":"por-el-covid-19-12-de-14-paises-de-la-region-postergaron-la-fecha-de-sus-censos-solo-en-bolivia-se-politiza-la-medida","status":"publish","type":"post","link":"https:\/\/elradar.info\/?p=30500","title":{"rendered":"<strong>Por el Covid-19, 12 de 14&nbsp; pa\u00edses de la regi\u00f3n postergaron la fecha de sus censos, solo en Bolivia se politiza la medida<\/strong>"},"content":{"rendered":"\n<p>Desde 2020, 12 de 14 pa\u00edses de la regi\u00f3n que ten\u00edan programados censos, los postergaron por entre uno y tres a\u00f1os, debido fundamentalmente a la pandemia de Covid-19, en ning\u00fan caso hubo conflictos sociales. Paraguay acaba de realizar un censo plagado de errores y carencias por acortar plazos en un proceso tan complejo.<\/p>\n\n\n\n<p>Esta informaci\u00f3n verificada por la Comisi\u00f3n Internacional de Alto Nivel compuesta por expertos de Cepal-Celade, Fonplata, Unfpa-ONU, BID y Banco Mundial, se\u00f1ala que incluso tres pa\u00edses: Brasil, Chile y Panam\u00e1, tuvieron que reprogramar sus censos en dos ocasiones.<\/p>\n\n\n\n<p>Paraguay vive un esc\u00e1ndalo pocos d\u00edas despu\u00e9s de realizar el censo. Miles de personas denunciaron que no fueron consultadas y hay evidencias de que funcionarios y colaboradores falsearon las boletas para subsanar el no haber llegado a las viviendas.<\/p>\n\n\n\n<p>Reportes de prensa se\u00f1alan que los problemas de organizaci\u00f3n del censo en ese pa\u00eds se advirtieron desde que fue lanzado y pervivieron durante el cronograma llevado a cabo a la r\u00e1pida.<\/p>\n\n\n\n<p>En Brasil, inicialmente se pospuso el Censo Demogr\u00e1fico previsto para abril de 2020 hasta julio de 2021 por el Covid-19. Luego volvi\u00f3 a postergarse por razones presupuestarias para el 1 de agosto de 2022.&nbsp;<\/p>\n\n\n\n<p>En Chile, el censo estaba previsto para abril del 2022, pero fue reprogramado para marzo de 2023, por la pandemia. No obstante, en julio de este a\u00f1o, el Ministerio de Econom\u00eda y el INE decidieron otra postergaci\u00f3n hasta el primer semestre de 2024.<\/p>\n\n\n\n<p>En Bolivia, el Gobierno declar\u00f3 prioridad al Censo Nacional de Poblaci\u00f3n y Vivienda, mediante el Decreto Supremo 4546 del 21 julio 2021 y en el marco de la CPE, que atribuye al nivel central del Estado (el \u00d3rgano Ejecutivo) la competencia privativa en este proceso.<\/p>\n\n\n\n<p>Al respecto, la ministra de Gobierno, Maria Nela Prada se\u00f1al\u00f3 que <em>\u201ca pesar de esto, el Gobierno abri\u00f3 espacios de di\u00e1logo con autoridades de otros niveles de gobierno y representantes nacionales, con los que se acord\u00f3 trabajar por un censo participativo y que garantice eficiencia y calidad, por lo que se decidi\u00f3 reprogramarlo\u201d.<\/em><\/p>\n\n\n\n<p><em>\u201cActores pol\u00edticos de la derecha radical cruce\u00f1a, desde hace ya cuatro meses llevan adelante una movilizaci\u00f3n, con el pretexto del censo, que persigue otros fines e intereses netamente particulares y pol\u00edticos\u201d<\/em>, afirm\u00f3 Prada.<\/p>\n","protected":false},"excerpt":{"rendered":"<p>Desde 2020, 12 de 14 pa\u00edses de la regi\u00f3n que ten\u00edan programados censos, los postergaron por entre uno y tres a\u00f1os, debido fundamentalmente a la pandemia de Covid-19, en ning\u00fan caso hubo conflictos sociales. Paraguay acaba de realizar un censo plagado de errores y carencias por acortar plazos en un proceso tan complejo. Esta informaci\u00f3n verificada por la Comisi\u00f3n Internacional de Alto Nivel compuesta por expertos de Cepal-Celade, Fonplata, Unfpa-ONU, BID y Banco Mundial, se\u00f1ala que incluso tres pa\u00edses: Brasil, Chile y Panam\u00e1, tuvieron que reprogramar sus censos en dos ocasiones. Paraguay vive un esc\u00e1ndalo pocos d\u00edas despu\u00e9s de realizar<\/p>\n","protected":false},"author":2,"featured_media":30506,"comment_status":"closed","ping_status":"open","sticky":false,"template":"","format":"standard","meta":{"_seopress_robots_primary_cat":"none","_seopress_titles_title":"","_seopress_titles_desc":"","_seopress_robots_index":"","_jetpack_memberships_contains_paid_content":false,"footnotes":""},"categories":[107],"tags":[109,4864,474,1840,1318],"class_list":["post-30500","post","type-post","status-publish","format-standard","has-post-thumbnail","hentry","category-internacional","tag-bolivia","tag-censo","tag-covid-19","tag-latinoamerica","tag-postergacion"],"jetpack_featured_media_url":"https:\/\/elradar.info\/wp-content\/uploads\/2022\/11\/censo1111.png","jetpack_sharing_enabled":true,"amp_enabled":true,"_links":{"self":[{"href":"https:\/\/elradar.info\/index.php?rest_route=\/wp\/v2\/posts\/30500","targetHints":{"allow":["GET"]}}],"collection":[{"href":"https:\/\/elradar.info\/index.php?rest_route=\/wp\/v2\/posts"}],"about":[{"href":"https:\/\/elradar.info\/index.php?rest_route=\/wp\/v2\/types\/post"}],"author":[{"embeddable":true,"href":"https:\/\/elradar.info\/index.php?rest_route=\/wp\/v2\/users\/2"}],"replies":[{"embeddable":true,"href":"https:\/\/elradar.info\/index.php?rest_route=%2Fwp%2Fv2%2Fcomments&post=30500"}],"version-history":[{"count":1,"href":"https:\/\/elradar.info\/index.php?rest_route=\/wp\/v2\/posts\/30500\/revisions"}],"predecessor-version":[{"id":30504,"href":"https:\/\/elradar.info\/index.php?rest_route=\/wp\/v2\/posts\/30500\/revisions\/30504"}],"wp:featuredmedia":[{"embeddable":true,"href":"https:\/\/elradar.info\/index.php?rest_route=\/wp\/v2\/media\/30506"}],"wp:attachment":[{"href":"https:\/\/elradar.info\/index.php?rest_route=%2Fwp%2Fv2%2Fmedia&parent=30500"}],"wp:term":[{"taxonomy":"category","embeddable":true,"href":"https:\/\/elradar.info\/index.php?rest_route=%2Fwp%2Fv2%2Fcategories&post=30500"},{"taxonomy":"post_tag","embeddable":true,"href":"https:\/\/elradar.info\/index.php?rest_route=%2Fwp%2Fv2%2Ftags&post=30500"}],"curies":[{"name":"wp","href":"https:\/\/api.w.org\/{rel}","templated":true}]}}