{"id":30546,"date":"2022-11-11T15:11:22","date_gmt":"2022-11-11T19:11:22","guid":{"rendered":"http:\/\/elradar.info\/?p=30546"},"modified":"2024-02-01T12:13:00","modified_gmt":"2024-02-01T16:13:00","slug":"periodistas-de-medios-estatales-son-atacados-por-grupos-de-choque-de-luis-fernando-camacho","status":"publish","type":"post","link":"https:\/\/elradar.info\/?p=30546","title":{"rendered":"<strong>Periodistas de medios estatales son atacados por grupos de choque de Luis Fernando Camacho<\/strong>"},"content":{"rendered":"\n<p>Periodistas de BTV, Red Patria Nueva y otros que se encontraban cubriendo en Santa Cruz la marcha pac\u00edfica de varios sectores que ped\u00edan el levantamiento del paro indefinido que ya lleva 21 d\u00edas, fueron agredidos por grupos violentos afines a Luis Fernando Camacho.<\/p>\n\n\n\n<p>Los periodistas Carlos Iporre, Paola Moreno y el camar\u00f3grafo Franklin Quilla, de Bolivia Tv, fueron atacados por grupos que da\u00f1aron sus equipos de trabajo. Mientras transmit\u00eda un reporte para el noticiero en la Av. Grigot\u00e1, Iporre fue interceptado por miembros de la Uni\u00f3n Juvenil Cruce\u00f1ista (UJC) quienes lo golpearon y evitaron que continuara transmitiendo. Lo mismo sucedi\u00f3 con otros periodistas, as\u00ed como con la periodista de Red Patria Nueva, Jeruslava Ojeda, quien fue amenazada mientras hac\u00eda un reporte en vivo.<\/p>\n\n\n\n<p>Seg\u00fan informaron los periodistas afectados, estos grupos se encuentran armados con palos, petardos, piedras y armas de fabricaci\u00f3n casera, atacan a la polic\u00eda y agreden a personas desarmadas que forman parte de la marcha que busca el levantamiento del paro en Santa Cruz.<\/p>\n\n\n\n<p><\/p>\n\n\n\n<figure class=\"wp-block-image size-full\"><img loading=\"lazy\" decoding=\"async\" width=\"793\" height=\"434\" src=\"https:\/\/elradar.info\/wp-content\/uploads\/2022\/11\/WhatsApp_Image_2022-11-11_at_113632_AM.jpeg\" alt=\"\" class=\"wp-image-30549\" srcset=\"https:\/\/elradar.info\/wp-content\/uploads\/2022\/11\/WhatsApp_Image_2022-11-11_at_113632_AM.jpeg 793w, https:\/\/elradar.info\/wp-content\/uploads\/2022\/11\/WhatsApp_Image_2022-11-11_at_113632_AM-300x164.jpeg 300w, https:\/\/elradar.info\/wp-content\/uploads\/2022\/11\/WhatsApp_Image_2022-11-11_at_113632_AM-768x420.jpeg 768w, https:\/\/elradar.info\/wp-content\/uploads\/2022\/11\/WhatsApp_Image_2022-11-11_at_113632_AM-480x263.jpeg 480w\" sizes=\"auto, (max-width: 793px) 100vw, 793px\" \/><\/figure>\n\n\n\n<figure class=\"wp-block-image size-full\"><img loading=\"lazy\" decoding=\"async\" width=\"834\" height=\"675\" src=\"https:\/\/elradar.info\/wp-content\/uploads\/2022\/11\/oQlaJMJOK6DwKK1L.png\" alt=\"\" class=\"wp-image-30551\" srcset=\"https:\/\/elradar.info\/wp-content\/uploads\/2022\/11\/oQlaJMJOK6DwKK1L.png 834w, https:\/\/elradar.info\/wp-content\/uploads\/2022\/11\/oQlaJMJOK6DwKK1L-300x243.png 300w, https:\/\/elradar.info\/wp-content\/uploads\/2022\/11\/oQlaJMJOK6DwKK1L-768x622.png 768w, https:\/\/elradar.info\/wp-content\/uploads\/2022\/11\/oQlaJMJOK6DwKK1L-480x388.png 480w\" sizes=\"auto, (max-width: 834px) 100vw, 834px\" \/><\/figure>\n","protected":false},"excerpt":{"rendered":"<p>Periodistas de BTV, Red Patria Nueva y otros que se encontraban cubriendo en Santa Cruz la marcha pac\u00edfica de varios sectores que ped\u00edan el levantamiento del paro indefinido que ya lleva 21 d\u00edas, fueron agredidos por grupos violentos afines a Luis Fernando Camacho. Los periodistas Carlos Iporre, Paola Moreno y el camar\u00f3grafo Franklin Quilla, de Bolivia Tv, fueron atacados por grupos que da\u00f1aron sus equipos de trabajo. Mientras transmit\u00eda un reporte para el noticiero en la Av. Grigot\u00e1, Iporre fue interceptado por miembros de la Uni\u00f3n Juvenil Cruce\u00f1ista (UJC) quienes lo golpearon y evitaron que continuara transmitiendo. Lo mismo sucedi\u00f3<\/p>\n","protected":false},"author":2,"featured_media":30550,"comment_status":"closed","ping_status":"open","sticky":false,"template":"","format":"standard","meta":{"_seopress_robots_primary_cat":"none","_seopress_titles_title":"","_seopress_titles_desc":"","_seopress_robots_index":"","_jetpack_memberships_contains_paid_content":false,"footnotes":""},"categories":[103],"tags":[2474,109,3500,3515,235,5173,3704,167],"class_list":["post-30546","post","type-post","status-publish","format-standard","has-post-thumbnail","hentry","category-nacional","tag-ataque","tag-bolivia","tag-bolivia-tv","tag-grupos-de-choque","tag-luis-fernando-camacho","tag-medios-estatales","tag-periodistas","tag-santa-cruz"],"jetpack_featured_media_url":"https:\/\/elradar.info\/wp-content\/uploads\/2022\/11\/WhatsApp-Image-2022-11-11-at-12.56.26-PM.png","jetpack_sharing_enabled":true,"amp_enabled":true,"_links":{"self":[{"href":"https:\/\/elradar.info\/index.php?rest_route=\/wp\/v2\/posts\/30546","targetHints":{"allow":["GET"]}}],"collection":[{"href":"https:\/\/elradar.info\/index.php?rest_route=\/wp\/v2\/posts"}],"about":[{"href":"https:\/\/elradar.info\/index.php?rest_route=\/wp\/v2\/types\/post"}],"author":[{"embeddable":true,"href":"https:\/\/elradar.info\/index.php?rest_route=\/wp\/v2\/users\/2"}],"replies":[{"embeddable":true,"href":"https:\/\/elradar.info\/index.php?rest_route=%2Fwp%2Fv2%2Fcomments&post=30546"}],"version-history":[{"count":1,"href":"https:\/\/elradar.info\/index.php?rest_route=\/wp\/v2\/posts\/30546\/revisions"}],"predecessor-version":[{"id":30552,"href":"https:\/\/elradar.info\/index.php?rest_route=\/wp\/v2\/posts\/30546\/revisions\/30552"}],"wp:featuredmedia":[{"embeddable":true,"href":"https:\/\/elradar.info\/index.php?rest_route=\/wp\/v2\/media\/30550"}],"wp:attachment":[{"href":"https:\/\/elradar.info\/index.php?rest_route=%2Fwp%2Fv2%2Fmedia&parent=30546"}],"wp:term":[{"taxonomy":"category","embeddable":true,"href":"https:\/\/elradar.info\/index.php?rest_route=%2Fwp%2Fv2%2Fcategories&post=30546"},{"taxonomy":"post_tag","embeddable":true,"href":"https:\/\/elradar.info\/index.php?rest_route=%2Fwp%2Fv2%2Ftags&post=30546"}],"curies":[{"name":"wp","href":"https:\/\/api.w.org\/{rel}","templated":true}]}}