{"id":30577,"date":"2022-11-12T16:50:35","date_gmt":"2022-11-12T20:50:35","guid":{"rendered":"http:\/\/elradar.info\/?p=30577"},"modified":"2024-02-01T12:13:00","modified_gmt":"2024-02-01T16:13:00","slug":"campesinos-de-santa-cruz-deploran-la-quema-de-sus-instalaciones-y-decidiran-asumir-medidas","status":"publish","type":"post","link":"https:\/\/elradar.info\/?p=30577","title":{"rendered":"<strong>Campesinos de Santa Cruz deploran la quema de sus instalaciones y decidir\u00e1n asumir medidas<\/strong>"},"content":{"rendered":"\n<p>La Federaci\u00f3n de Trabajadores Campesinos de Santa Cruz convoc\u00f3 a una reuni\u00f3n de emergencia para asumir medidas luego de la quema de sus instalaciones por grupos de choque afines a Luis Fernando Camacho, R\u00f3mulo Calvo y al vicepresidente del Comit\u00e9 Interinstitucional, Reinerio Vargas.<\/p>\n\n\n\n<p><em>\u00abCon estos actos han provocado al movimiento campesino, los hermanos Interculturales, a los hermanos de la \u00fanica y a todas las organizaciones sociales. Nosotros vamos a convocar a una reuni\u00f3n ampliada donde vamos a decidir qu\u00e9 decisiones vamos a asumir y qu\u00e9 medidas vamos a tomar\u00bb<\/em>, anunci\u00f3 el dirigente Marco Fern\u00e1ndez.<\/p>\n\n\n\n<p>Tanto R\u00f3mulo Calvo como Vargas instigaron p\u00fablicamente a la violencia al decir que radicalizar\u00edan las medidas de presi\u00f3n, por un lado, y por el otro un llamado a la toma de instituciones, por lo que se iniciar\u00e1 la denuncia penal correspondiente.<\/p>\n","protected":false},"excerpt":{"rendered":"<p>La Federaci\u00f3n de Trabajadores Campesinos de Santa Cruz convoc\u00f3 a una reuni\u00f3n de emergencia para asumir medidas luego de la quema de sus instalaciones por grupos de choque afines a Luis Fernando Camacho, R\u00f3mulo Calvo y al vicepresidente del Comit\u00e9 Interinstitucional, Reinerio Vargas. \u00abCon estos actos han provocado al movimiento campesino, los hermanos Interculturales, a los hermanos de la \u00fanica y a todas las organizaciones sociales. Nosotros vamos a convocar a una reuni\u00f3n ampliada donde vamos a decidir qu\u00e9 decisiones vamos a asumir y qu\u00e9 medidas vamos a tomar\u00bb, anunci\u00f3 el dirigente Marco Fern\u00e1ndez. Tanto R\u00f3mulo Calvo como Vargas instigaron<\/p>\n","protected":false},"author":2,"featured_media":30580,"comment_status":"closed","ping_status":"open","sticky":false,"template":"","format":"standard","meta":{"_seopress_robots_primary_cat":"none","_seopress_titles_title":"","_seopress_titles_desc":"","_seopress_robots_index":"","_jetpack_memberships_contains_paid_content":false,"footnotes":""},"categories":[103],"tags":[109,874,5187,3515,5186,235,5185,4816,456,395,167],"class_list":["post-30577","post","type-post","status-publish","format-standard","has-post-thumbnail","hentry","category-nacional","tag-bolivia","tag-emergencia","tag-federacion-de-trabajadores-campesinos","tag-grupos-de-choque","tag-instalaciones","tag-luis-fernando-camacho","tag-quema","tag-reinerio-vargas","tag-reunion","tag-romulo-calvo","tag-santa-cruz"],"jetpack_featured_media_url":"https:\/\/elradar.info\/wp-content\/uploads\/2022\/11\/ataque-COD-APG-1-1024x630-2.jpg","jetpack_sharing_enabled":true,"amp_enabled":true,"_links":{"self":[{"href":"https:\/\/elradar.info\/index.php?rest_route=\/wp\/v2\/posts\/30577","targetHints":{"allow":["GET"]}}],"collection":[{"href":"https:\/\/elradar.info\/index.php?rest_route=\/wp\/v2\/posts"}],"about":[{"href":"https:\/\/elradar.info\/index.php?rest_route=\/wp\/v2\/types\/post"}],"author":[{"embeddable":true,"href":"https:\/\/elradar.info\/index.php?rest_route=\/wp\/v2\/users\/2"}],"replies":[{"embeddable":true,"href":"https:\/\/elradar.info\/index.php?rest_route=%2Fwp%2Fv2%2Fcomments&post=30577"}],"version-history":[{"count":1,"href":"https:\/\/elradar.info\/index.php?rest_route=\/wp\/v2\/posts\/30577\/revisions"}],"predecessor-version":[{"id":30581,"href":"https:\/\/elradar.info\/index.php?rest_route=\/wp\/v2\/posts\/30577\/revisions\/30581"}],"wp:featuredmedia":[{"embeddable":true,"href":"https:\/\/elradar.info\/index.php?rest_route=\/wp\/v2\/media\/30580"}],"wp:attachment":[{"href":"https:\/\/elradar.info\/index.php?rest_route=%2Fwp%2Fv2%2Fmedia&parent=30577"}],"wp:term":[{"taxonomy":"category","embeddable":true,"href":"https:\/\/elradar.info\/index.php?rest_route=%2Fwp%2Fv2%2Fcategories&post=30577"},{"taxonomy":"post_tag","embeddable":true,"href":"https:\/\/elradar.info\/index.php?rest_route=%2Fwp%2Fv2%2Ftags&post=30577"}],"curies":[{"name":"wp","href":"https:\/\/api.w.org\/{rel}","templated":true}]}}