{"id":30634,"date":"2022-11-14T15:56:04","date_gmt":"2022-11-14T19:56:04","guid":{"rendered":"http:\/\/elradar.info\/?p=30634"},"modified":"2024-02-01T12:12:59","modified_gmt":"2024-02-01T16:12:59","slug":"eva-copa-cuestiono-que-el-comite-civico-exija-a-los-demas-departamentos-sumarse-a-su-lucha","status":"publish","type":"post","link":"https:\/\/elradar.info\/?p=30634","title":{"rendered":"<strong>Eva Copa cuestion\u00f3 que el Comit\u00e9 C\u00edvico exija a los dem\u00e1s departamentos sumarse a su \u201clucha\u201d<\/strong>"},"content":{"rendered":"\n<p>La alcaldesa de la ciudad de El Alto, Eva Copa, critic\u00f3 la actitud dictatorial del cabildo llevado a cabo la noche del domingo en Santa Cruz, donde, dentro de los cinco puntos exigidos por Luis Fernando Camacho y el Comit\u00e9 C\u00edvico, se conmin\u00f3 a los dem\u00e1s departamentos a sumarse a sus pedidos.<\/p>\n\n\n\n<p><em>\u201cNadie puede venirnos a conminar o exigir sumarnos a una lucha que nosotros creemos que no tiene rumbo, pues ya se han dado las fechas correspondientes. Yo no s\u00e9 qu\u00e9 parte no se entiende de que ya est\u00e1n estas demandas cumplidas en cuanto al proceso que se tiene que seguir y a las instancias que corresponden\u201d<\/em>, observ\u00f3 Copa.<\/p>\n\n\n\n<p>Asimismo, la alcaldesa alte\u00f1a pidi\u00f3 el levantamiento del paro cruce\u00f1o toda vez que el Gobierno ya estableci\u00f3, mediante decreto supremo, la realizaci\u00f3n del Censo para el 23 de marzo de 2024. Tambi\u00e9n cuestion\u00f3 el pedido de elevar el decreto supremo a la categor\u00eda de ley, pues esto ser\u00eda contraproducente, ya que el tratamiento de la misma podr\u00eda \u201c<em>estancarse en la Asamblea Legislativa Plurinacional (ALP)<\/em>\u201d.<\/p>\n","protected":false},"excerpt":{"rendered":"<p>La alcaldesa de la ciudad de El Alto, Eva Copa, critic\u00f3 la actitud dictatorial del cabildo llevado a cabo la noche del domingo en Santa Cruz, donde, dentro de los cinco puntos exigidos por Luis Fernando Camacho y el Comit\u00e9 C\u00edvico, se conmin\u00f3 a los dem\u00e1s departamentos a sumarse a sus pedidos. \u201cNadie puede venirnos a conminar o exigir sumarnos a una lucha que nosotros creemos que no tiene rumbo, pues ya se han dado las fechas correspondientes. Yo no s\u00e9 qu\u00e9 parte no se entiende de que ya est\u00e1n estas demandas cumplidas en cuanto al proceso que se tiene<\/p>\n","protected":false},"author":2,"featured_media":30639,"comment_status":"closed","ping_status":"open","sticky":false,"template":"","format":"standard","meta":{"_seopress_robots_primary_cat":"none","_seopress_titles_title":"","_seopress_titles_desc":"","_seopress_robots_index":"","_jetpack_memberships_contains_paid_content":false,"footnotes":""},"categories":[103],"tags":[109,4674,5196,401,274,235,395,167],"class_list":["post-30634","post","type-post","status-publish","format-standard","has-post-thumbnail","hentry","category-nacional","tag-bolivia","tag-comite-civico","tag-critica","tag-el-alto","tag-eva-copa","tag-luis-fernando-camacho","tag-romulo-calvo","tag-santa-cruz"],"jetpack_featured_media_url":"https:\/\/elradar.info\/wp-content\/uploads\/2022\/11\/WhatsApp-Image-2022-11-14-at-12.23.50-1.jpeg","jetpack_sharing_enabled":true,"amp_enabled":true,"_links":{"self":[{"href":"https:\/\/elradar.info\/index.php?rest_route=\/wp\/v2\/posts\/30634","targetHints":{"allow":["GET"]}}],"collection":[{"href":"https:\/\/elradar.info\/index.php?rest_route=\/wp\/v2\/posts"}],"about":[{"href":"https:\/\/elradar.info\/index.php?rest_route=\/wp\/v2\/types\/post"}],"author":[{"embeddable":true,"href":"https:\/\/elradar.info\/index.php?rest_route=\/wp\/v2\/users\/2"}],"replies":[{"embeddable":true,"href":"https:\/\/elradar.info\/index.php?rest_route=%2Fwp%2Fv2%2Fcomments&post=30634"}],"version-history":[{"count":1,"href":"https:\/\/elradar.info\/index.php?rest_route=\/wp\/v2\/posts\/30634\/revisions"}],"predecessor-version":[{"id":30638,"href":"https:\/\/elradar.info\/index.php?rest_route=\/wp\/v2\/posts\/30634\/revisions\/30638"}],"wp:featuredmedia":[{"embeddable":true,"href":"https:\/\/elradar.info\/index.php?rest_route=\/wp\/v2\/media\/30639"}],"wp:attachment":[{"href":"https:\/\/elradar.info\/index.php?rest_route=%2Fwp%2Fv2%2Fmedia&parent=30634"}],"wp:term":[{"taxonomy":"category","embeddable":true,"href":"https:\/\/elradar.info\/index.php?rest_route=%2Fwp%2Fv2%2Fcategories&post=30634"},{"taxonomy":"post_tag","embeddable":true,"href":"https:\/\/elradar.info\/index.php?rest_route=%2Fwp%2Fv2%2Ftags&post=30634"}],"curies":[{"name":"wp","href":"https:\/\/api.w.org\/{rel}","templated":true}]}}