{"id":30668,"date":"2022-11-15T13:25:02","date_gmt":"2022-11-15T17:25:02","guid":{"rendered":"http:\/\/elradar.info\/?p=30668"},"modified":"2024-02-01T12:12:59","modified_gmt":"2024-02-01T16:12:59","slug":"el-gobierno-restablecio-todas-las-exportaciones-entre-el-31-de-octubre-y-el-9-de-noviembre","status":"publish","type":"post","link":"https:\/\/elradar.info\/?p=30668","title":{"rendered":"<strong>El gobierno restableci\u00f3 todas las exportaciones entre el 31 de octubre y el 9 de noviembre<\/strong>"},"content":{"rendered":"\n<p>Luego de que en pasados d\u00edas el gobierno boliviano suspendiera la exportaci\u00f3n de algunos alimentos precautelando la seguridad alimentaria de sus ciudadanos, las mismas fueron restablecidas, previa verificaci\u00f3n del abastecimiento interno, inform\u00f3 el ministro de Desarrollo Productivo y Econom\u00eda Plural, N\u00e9stor Huanca.<\/p>\n\n\n\n<p>\u201c<em>El Gobierno nacional restableci\u00f3 las exportaciones de soya y derivados el 31 de octubre, de carne de res el 7 de noviembre y de az\u00facar el 9 de noviembre. A la fecha no se tiene ninguna restricci\u00f3n temporal de estos productos<\/em>\u201d, explic\u00f3 Huanca.<\/p>\n\n\n\n<p>El Gobierno y la C\u00e1mara Nacional de Industrias Oleaginosas de Bolivia (CANIOB), mediante un acuerdo decidieron restablecer las exportaciones de soya y subproductos el 28 de octubre, previamente comprobado el abastecimiento interno, por lo que el ministro N\u00e9stor Huanca conden\u00f3 la desinformaci\u00f3n difundida por ejecutivos de la C\u00e1mara Nacional de Exportadores de Bolivia (CANEB) sobre un \u201c<em>llamado a levantar las restricciones<\/em>\u201d, cuando estas ya no exist\u00edan, algo que consider\u00f3 una irresponsabilidad.<\/p>\n\n\n\n<p>\u201c<em>Es muy lamentable que la CANEB no coordine con sus afiliados y desinforme a la poblaci\u00f3n de manera irresponsable<\/em>\u201d, afirm\u00f3.<\/p>\n","protected":false},"excerpt":{"rendered":"<p>Luego de que en pasados d\u00edas el gobierno boliviano suspendiera la exportaci\u00f3n de algunos alimentos precautelando la seguridad alimentaria de sus ciudadanos, las mismas fueron restablecidas, previa verificaci\u00f3n del abastecimiento interno, inform\u00f3 el ministro de Desarrollo Productivo y Econom\u00eda Plural, N\u00e9stor Huanca. \u201cEl Gobierno nacional restableci\u00f3 las exportaciones de soya y derivados el 31 de octubre, de carne de res el 7 de noviembre y de az\u00facar el 9 de noviembre. A la fecha no se tiene ninguna restricci\u00f3n temporal de estos productos\u201d, explic\u00f3 Huanca. El Gobierno y la C\u00e1mara Nacional de Industrias Oleaginosas de Bolivia (CANIOB), mediante un acuerdo<\/p>\n","protected":false},"author":2,"featured_media":30671,"comment_status":"closed","ping_status":"open","sticky":false,"template":"","format":"standard","meta":{"_seopress_robots_primary_cat":"none","_seopress_titles_title":"","_seopress_titles_desc":"","_seopress_robots_index":"","_jetpack_memberships_contains_paid_content":false,"footnotes":""},"categories":[200],"tags":[109,146,1987,708,5205,4789],"class_list":["post-30668","post","type-post","status-publish","format-standard","has-post-thumbnail","hentry","category-economia","tag-bolivia","tag-economia","tag-exportaciones","tag-gobierno-nacional","tag-restablecimiento","tag-soya"],"jetpack_featured_media_url":"https:\/\/elradar.info\/wp-content\/uploads\/2022\/11\/Soya.webp","jetpack_sharing_enabled":true,"amp_enabled":true,"_links":{"self":[{"href":"https:\/\/elradar.info\/index.php?rest_route=\/wp\/v2\/posts\/30668","targetHints":{"allow":["GET"]}}],"collection":[{"href":"https:\/\/elradar.info\/index.php?rest_route=\/wp\/v2\/posts"}],"about":[{"href":"https:\/\/elradar.info\/index.php?rest_route=\/wp\/v2\/types\/post"}],"author":[{"embeddable":true,"href":"https:\/\/elradar.info\/index.php?rest_route=\/wp\/v2\/users\/2"}],"replies":[{"embeddable":true,"href":"https:\/\/elradar.info\/index.php?rest_route=%2Fwp%2Fv2%2Fcomments&post=30668"}],"version-history":[{"count":1,"href":"https:\/\/elradar.info\/index.php?rest_route=\/wp\/v2\/posts\/30668\/revisions"}],"predecessor-version":[{"id":30672,"href":"https:\/\/elradar.info\/index.php?rest_route=\/wp\/v2\/posts\/30668\/revisions\/30672"}],"wp:featuredmedia":[{"embeddable":true,"href":"https:\/\/elradar.info\/index.php?rest_route=\/wp\/v2\/media\/30671"}],"wp:attachment":[{"href":"https:\/\/elradar.info\/index.php?rest_route=%2Fwp%2Fv2%2Fmedia&parent=30668"}],"wp:term":[{"taxonomy":"category","embeddable":true,"href":"https:\/\/elradar.info\/index.php?rest_route=%2Fwp%2Fv2%2Fcategories&post=30668"},{"taxonomy":"post_tag","embeddable":true,"href":"https:\/\/elradar.info\/index.php?rest_route=%2Fwp%2Fv2%2Ftags&post=30668"}],"curies":[{"name":"wp","href":"https:\/\/api.w.org\/{rel}","templated":true}]}}