{"id":30786,"date":"2022-11-16T19:10:16","date_gmt":"2022-11-16T23:10:16","guid":{"rendered":"http:\/\/elradar.info\/?p=30786"},"modified":"2024-02-01T12:12:57","modified_gmt":"2024-02-01T16:12:57","slug":"gremiales-desmienten-movilizaciones-del-sector-y-acusan-a-camacho-y-a-calvo-de-realizar-falsas-convocatorias","status":"publish","type":"post","link":"https:\/\/elradar.info\/?p=30786","title":{"rendered":"<strong>Gremiales desmienten movilizaciones del sector y acusan a Camacho y a Calvo de realizar falsas convocatorias<\/strong>"},"content":{"rendered":"\n<p>El m\u00e1ximo representante de la Federaci\u00f3n de Gremiales de El Alto y de la Confederaci\u00f3n a nivel nacional, Rodolfo Mancilla, manifest\u00f3 que los anuncios de movilizaciones y bloqueos de estos peque\u00f1os grupos que se atribuyen ser los representantes del sector no tiene ning\u00fan fundamento para hacerlo y que solo responden a intereses personales.<\/p>\n\n\n\n<p><em>\u201cHoy en d\u00eda son considerados como los payasos de las logias cruce\u00f1as que solo buscan desestabilizar al gobierno constitucional de Luis Arce\u201d<\/em>, manifest\u00f3 Mancilla.<\/p>\n\n\n\n<p>Asimismo, Mancilla llam\u00f3 a la calma a la poblaci\u00f3n y a no dejarse sorprender con este tipo de anuncios y que ahora m\u00e1s que nunca la verdadera dirigencia de gremialistas que est\u00e1 a su cargo, se encuentra trabajando por la reactivaci\u00f3n econ\u00f3mica, para el beneficio de toda la poblaci\u00f3n.<\/p>\n","protected":false},"excerpt":{"rendered":"<p>El m\u00e1ximo representante de la Federaci\u00f3n de Gremiales de El Alto y de la Confederaci\u00f3n a nivel nacional, Rodolfo Mancilla, manifest\u00f3 que los anuncios de movilizaciones y bloqueos de estos peque\u00f1os grupos que se atribuyen ser los representantes del sector no tiene ning\u00fan fundamento para hacerlo y que solo responden a intereses personales. \u201cHoy en d\u00eda son considerados como los payasos de las logias cruce\u00f1as que solo buscan desestabilizar al gobierno constitucional de Luis Arce\u201d, manifest\u00f3 Mancilla. Asimismo, Mancilla llam\u00f3 a la calma a la poblaci\u00f3n y a no dejarse sorprender con este tipo de anuncios y que ahora m\u00e1s<\/p>\n","protected":false},"author":2,"featured_media":30789,"comment_status":"closed","ping_status":"open","sticky":false,"template":"","format":"standard","meta":{"_seopress_robots_primary_cat":"none","_seopress_titles_title":"","_seopress_titles_desc":"","_seopress_robots_index":"","_jetpack_memberships_contains_paid_content":false,"footnotes":""},"categories":[103],"tags":[554,109,401,5251,293,235,5252,395,167],"class_list":["post-30786","post","type-post","status-publish","format-standard","has-post-thumbnail","hentry","category-nacional","tag-acusacion","tag-bolivia","tag-el-alto","tag-falsas-convocatorias","tag-la-paz","tag-luis-fernando-camacho","tag-rodolfo-mancilla","tag-romulo-calvo","tag-santa-cruz"],"jetpack_featured_media_url":"https:\/\/elradar.info\/wp-content\/uploads\/2022\/11\/Captura-de-pantalla-569.png","jetpack_sharing_enabled":true,"amp_enabled":true,"_links":{"self":[{"href":"https:\/\/elradar.info\/index.php?rest_route=\/wp\/v2\/posts\/30786","targetHints":{"allow":["GET"]}}],"collection":[{"href":"https:\/\/elradar.info\/index.php?rest_route=\/wp\/v2\/posts"}],"about":[{"href":"https:\/\/elradar.info\/index.php?rest_route=\/wp\/v2\/types\/post"}],"author":[{"embeddable":true,"href":"https:\/\/elradar.info\/index.php?rest_route=\/wp\/v2\/users\/2"}],"replies":[{"embeddable":true,"href":"https:\/\/elradar.info\/index.php?rest_route=%2Fwp%2Fv2%2Fcomments&post=30786"}],"version-history":[{"count":1,"href":"https:\/\/elradar.info\/index.php?rest_route=\/wp\/v2\/posts\/30786\/revisions"}],"predecessor-version":[{"id":30790,"href":"https:\/\/elradar.info\/index.php?rest_route=\/wp\/v2\/posts\/30786\/revisions\/30790"}],"wp:featuredmedia":[{"embeddable":true,"href":"https:\/\/elradar.info\/index.php?rest_route=\/wp\/v2\/media\/30789"}],"wp:attachment":[{"href":"https:\/\/elradar.info\/index.php?rest_route=%2Fwp%2Fv2%2Fmedia&parent=30786"}],"wp:term":[{"taxonomy":"category","embeddable":true,"href":"https:\/\/elradar.info\/index.php?rest_route=%2Fwp%2Fv2%2Fcategories&post=30786"},{"taxonomy":"post_tag","embeddable":true,"href":"https:\/\/elradar.info\/index.php?rest_route=%2Fwp%2Fv2%2Ftags&post=30786"}],"curies":[{"name":"wp","href":"https:\/\/api.w.org\/{rel}","templated":true}]}}