{"id":30791,"date":"2022-11-16T19:22:22","date_gmt":"2022-11-16T23:22:22","guid":{"rendered":"http:\/\/elradar.info\/?p=30791"},"modified":"2024-02-01T12:12:57","modified_gmt":"2024-02-01T16:12:57","slug":"el-sedes-confirma-el-primer-caso-de-coqueluche-en-el-departamento-de-la-paz","status":"publish","type":"post","link":"https:\/\/elradar.info\/?p=30791","title":{"rendered":"<strong>El Sedes confirma el primer caso de coqueluche en el departamento de La Paz<\/strong>"},"content":{"rendered":"\n<p>El jefe de la unidad de epidemiolog\u00eda del Servicio Departamental de Salud (Sedes) La Paz, \u00c1ngel Quispe, confirm\u00f3 el primer caso de coqueluche en el departamento. El paciente fue identificado en el Distrito 8, de la ciudad de El Alto, y fue derivado al Hospital del Ni\u00f1o, asimismo, se\u00f1al\u00f3 que existen otros tres casos sospechosos.<\/p>\n\n\n\n<p>Los otros tres casos sospechosos de tosferina tambi\u00e9n fueron identificados en El Alto, por lo que la instituci\u00f3n y el gobierno municipal comenzaron con los rastrillajes. <em>\u201cSon ni\u00f1os menores de un a\u00f1o, dos de ellos son gemelos y uno es de cuatro a\u00f1os que corresponden a la misma familia\u201d<\/em>, a\u00f1adi\u00f3.<\/p>\n\n\n\n<p>Indic\u00f3 que en el lugar se han hecho las coberturas correspondientes, con el suministro de vacunas a todos los ni\u00f1os del sector, adem\u00e1s, de buscar a personas asintom\u00e1ticas.<\/p>\n\n\n\n<p>Lament\u00f3 que ninguno de estos menores de edad identificados estaba vacunado, asimismo, dijo que los familiares presentaron resistencia a la suministraci\u00f3n del inmunizante.<\/p>\n\n\n\n<p>La tosferina o coqueluche <em>\u201ces una enfermedad respiratoria que se transmite en peque\u00f1as gotitas que uno emana al toser, entrar contacto directo, al hablar o cantar\u201d<\/em><\/p>\n\n\n\n<p>Adem\u00e1s, <em>\u201ces riesgoso en los menores de un a\u00f1o porque la coqueluche puede llegar a matar estos ni\u00f1os\u201d,<\/em> resalt\u00f3 Quispe.<\/p>\n","protected":false},"excerpt":{"rendered":"<p>El jefe de la unidad de epidemiolog\u00eda del Servicio Departamental de Salud (Sedes) La Paz, \u00c1ngel Quispe, confirm\u00f3 el primer caso de coqueluche en el departamento. El paciente fue identificado en el Distrito 8, de la ciudad de El Alto, y fue derivado al Hospital del Ni\u00f1o, asimismo, se\u00f1al\u00f3 que existen otros tres casos sospechosos. Los otros tres casos sospechosos de tosferina tambi\u00e9n fueron identificados en El Alto, por lo que la instituci\u00f3n y el gobierno municipal comenzaron con los rastrillajes. \u201cSon ni\u00f1os menores de un a\u00f1o, dos de ellos son gemelos y uno es de cuatro a\u00f1os que corresponden<\/p>\n","protected":false},"author":2,"featured_media":30794,"comment_status":"closed","ping_status":"open","sticky":false,"template":"","format":"standard","meta":{"_seopress_robots_primary_cat":"none","_seopress_titles_title":"","_seopress_titles_desc":"","_seopress_robots_index":"","_jetpack_memberships_contains_paid_content":false,"footnotes":""},"categories":[103,201],"tags":[5254,109,5253,293,2159,2129,1588,5255],"class_list":["post-30791","post","type-post","status-publish","format-standard","has-post-thumbnail","hentry","category-nacional","category-salud","tag-angel-quispe","tag-bolivia","tag-coqueluche","tag-la-paz","tag-primer-caso","tag-sedes","tag-servicio-departamental-de-salud","tag-unidad-de-epidemiologia"],"jetpack_featured_media_url":"https:\/\/elradar.info\/wp-content\/uploads\/2022\/11\/41220dd4-ab42-46d6-980d-2d5cdda45fd0.jpg","jetpack_sharing_enabled":true,"amp_enabled":true,"_links":{"self":[{"href":"https:\/\/elradar.info\/index.php?rest_route=\/wp\/v2\/posts\/30791","targetHints":{"allow":["GET"]}}],"collection":[{"href":"https:\/\/elradar.info\/index.php?rest_route=\/wp\/v2\/posts"}],"about":[{"href":"https:\/\/elradar.info\/index.php?rest_route=\/wp\/v2\/types\/post"}],"author":[{"embeddable":true,"href":"https:\/\/elradar.info\/index.php?rest_route=\/wp\/v2\/users\/2"}],"replies":[{"embeddable":true,"href":"https:\/\/elradar.info\/index.php?rest_route=%2Fwp%2Fv2%2Fcomments&post=30791"}],"version-history":[{"count":1,"href":"https:\/\/elradar.info\/index.php?rest_route=\/wp\/v2\/posts\/30791\/revisions"}],"predecessor-version":[{"id":30795,"href":"https:\/\/elradar.info\/index.php?rest_route=\/wp\/v2\/posts\/30791\/revisions\/30795"}],"wp:featuredmedia":[{"embeddable":true,"href":"https:\/\/elradar.info\/index.php?rest_route=\/wp\/v2\/media\/30794"}],"wp:attachment":[{"href":"https:\/\/elradar.info\/index.php?rest_route=%2Fwp%2Fv2%2Fmedia&parent=30791"}],"wp:term":[{"taxonomy":"category","embeddable":true,"href":"https:\/\/elradar.info\/index.php?rest_route=%2Fwp%2Fv2%2Fcategories&post=30791"},{"taxonomy":"post_tag","embeddable":true,"href":"https:\/\/elradar.info\/index.php?rest_route=%2Fwp%2Fv2%2Ftags&post=30791"}],"curies":[{"name":"wp","href":"https:\/\/api.w.org\/{rel}","templated":true}]}}