{"id":30814,"date":"2022-11-17T11:22:13","date_gmt":"2022-11-17T15:22:13","guid":{"rendered":"http:\/\/elradar.info\/?p=30814"},"modified":"2024-02-01T12:12:57","modified_gmt":"2024-02-01T16:12:57","slug":"potosi-juntas-escolares-piden-que-el-remanente-del-desayuno-escolar-se-de-en-efectivo-a-los-estudiantes-si-esto-no-se-aprueba-exigen-la-renuncia-del-alcalde","status":"publish","type":"post","link":"https:\/\/elradar.info\/?p=30814","title":{"rendered":"<strong>Potos\u00ed: juntas escolares piden que el remanente del desayuno escolar se d\u00e9 en efectivo a los estudiantes, si esto no se aprueba, exigen la renuncia del alcalde<\/strong>"},"content":{"rendered":"\n<p>Contin\u00faan las protestas por el desayuno escolar en Potos\u00ed. Hoy, los padres de familia llevaron a cabo una marcha pac\u00edfica y se apostaron frente al edificio de la alcald\u00eda pidiendo que se apruebe la entrega de 334 bolivianos por estudiante, un monto que corresponder\u00eda al desayuno escolar no gestionado por la alcald\u00eda.<\/p>\n\n\n\n<p>Dirigentes del sector expresaron su molestia por la mala labor del alcalde, cuyos funcionarios \u201cse encuentran de vacaciones\u201d, pues no se encuentran trabajando por la ciudad ni por la educaci\u00f3n. Asimismo, advirtieron que, en caso de que el alcalde Jhonny Llally no apruebe la entrega de los 334 Bs., exigir\u00e1n su renuncia y la de todos sus allegados.<\/p>\n\n\n\n<p>En declaraciones a los medios de comunicaci\u00f3n, los dirigentes Jos\u00e9 Belzu y Mario Francisco, denunciaron que el tema del desayuno escolar pasa por una guerra pol\u00edtica, pues las acciones propuestas tender\u00edan a ser truncadas a su paso por el Concejo.<\/p>\n","protected":false},"excerpt":{"rendered":"<p>Contin\u00faan las protestas por el desayuno escolar en Potos\u00ed. Hoy, los padres de familia llevaron a cabo una marcha pac\u00edfica y se apostaron frente al edificio de la alcald\u00eda pidiendo que se apruebe la entrega de 334 bolivianos por estudiante, un monto que corresponder\u00eda al desayuno escolar no gestionado por la alcald\u00eda. Dirigentes del sector expresaron su molestia por la mala labor del alcalde, cuyos funcionarios \u201cse encuentran de vacaciones\u201d, pues no se encuentran trabajando por la ciudad ni por la educaci\u00f3n. Asimismo, advirtieron que, en caso de que el alcalde Jhonny Llally no apruebe la entrega de los 334<\/p>\n","protected":false},"author":2,"featured_media":30817,"comment_status":"closed","ping_status":"open","sticky":false,"template":"","format":"standard","meta":{"_seopress_robots_primary_cat":"none","_seopress_titles_title":"","_seopress_titles_desc":"","_seopress_robots_index":"","_jetpack_memberships_contains_paid_content":false,"footnotes":""},"categories":[103],"tags":[109,2674,5264,1549,5263,1548,878,1634,1671],"class_list":["post-30814","post","type-post","status-publish","format-standard","has-post-thumbnail","hentry","category-nacional","tag-bolivia","tag-desayuno-escolar","tag-exigencia","tag-jhonny-llally","tag-juntas-escolares","tag-padres-de-familia","tag-potosi","tag-protestas","tag-renuncia"],"jetpack_featured_media_url":"https:\/\/elradar.info\/wp-content\/uploads\/2022\/11\/315952569_573012881494022_1323346405297745232_n.jpg","jetpack_sharing_enabled":true,"amp_enabled":true,"_links":{"self":[{"href":"https:\/\/elradar.info\/index.php?rest_route=\/wp\/v2\/posts\/30814","targetHints":{"allow":["GET"]}}],"collection":[{"href":"https:\/\/elradar.info\/index.php?rest_route=\/wp\/v2\/posts"}],"about":[{"href":"https:\/\/elradar.info\/index.php?rest_route=\/wp\/v2\/types\/post"}],"author":[{"embeddable":true,"href":"https:\/\/elradar.info\/index.php?rest_route=\/wp\/v2\/users\/2"}],"replies":[{"embeddable":true,"href":"https:\/\/elradar.info\/index.php?rest_route=%2Fwp%2Fv2%2Fcomments&post=30814"}],"version-history":[{"count":1,"href":"https:\/\/elradar.info\/index.php?rest_route=\/wp\/v2\/posts\/30814\/revisions"}],"predecessor-version":[{"id":30818,"href":"https:\/\/elradar.info\/index.php?rest_route=\/wp\/v2\/posts\/30814\/revisions\/30818"}],"wp:featuredmedia":[{"embeddable":true,"href":"https:\/\/elradar.info\/index.php?rest_route=\/wp\/v2\/media\/30817"}],"wp:attachment":[{"href":"https:\/\/elradar.info\/index.php?rest_route=%2Fwp%2Fv2%2Fmedia&parent=30814"}],"wp:term":[{"taxonomy":"category","embeddable":true,"href":"https:\/\/elradar.info\/index.php?rest_route=%2Fwp%2Fv2%2Fcategories&post=30814"},{"taxonomy":"post_tag","embeddable":true,"href":"https:\/\/elradar.info\/index.php?rest_route=%2Fwp%2Fv2%2Ftags&post=30814"}],"curies":[{"name":"wp","href":"https:\/\/api.w.org\/{rel}","templated":true}]}}