{"id":30908,"date":"2022-11-18T13:23:36","date_gmt":"2022-11-18T17:23:36","guid":{"rendered":"http:\/\/elradar.info\/?p=30908"},"modified":"2024-02-01T12:12:55","modified_gmt":"2024-02-01T16:12:55","slug":"arce-entrega-85-nuevas-viviendas-que-benefician-a-298-trinitarios","status":"publish","type":"post","link":"https:\/\/elradar.info\/?p=30908","title":{"rendered":"<strong>Arce entrega 85 nuevas viviendas que benefician a 298 trinitarios<\/strong>"},"content":{"rendered":"\n<p>En el marco del aniversario de Beni, hoy el presidente Luis Arce, entreg\u00f3 85 viviendas que beneficiar\u00e1n a 298 personas, gracias a una inversi\u00f3n de m\u00e1s de Bs 6 millones.<\/p>\n\n\n\n<p><em>\u201cDistribuir viviendas no es un capricho nuestro, hay un enorme d\u00e9ficit habitacional y por eso el Gobierno Nacional seguir\u00e1 construyendo viviendas en todo el territorio nacional\u201d<\/em>, dijo Arce.\u00a0<\/p>\n\n\n\n<p><em>\u201cVamos a cerrar la brecha de este d\u00e9ficit. Ese es nuestro compromiso ante el pueblo y esas son las instrucciones a la AEVivienda\u201d<\/em>, agreg\u00f3 esta ma\u00f1ana en el acto de entrega de unidades habitacionales del Proyecto <em>\u201cVivienda Nueva Autoconstrucci\u00f3n\u201d en sus fases LIV, LVIII y LX, en la ciudad de Trinidad.\u00a0<\/em><\/p>\n\n\n\n<p><em>Esto es fundamental para mejorar la calidad de vida y este es uno de nuestros principales objetivos, por el compromiso que tenemos con las familias m\u00e1s necesitadas de toda Bolivia\u201d,<\/em> manifest\u00f3 Arce.<\/p>\n\n\n\n<figure class=\"wp-block-gallery has-nested-images columns-default is-cropped wp-block-gallery-1 is-layout-flex wp-block-gallery-is-layout-flex\">\n<figure class=\"wp-block-image size-large\"><img loading=\"lazy\" decoding=\"async\" width=\"1024\" height=\"684\" data-id=\"30912\" src=\"https:\/\/elradar.info\/wp-content\/uploads\/2022\/11\/photo_2022-11-18_13-18-06-2-1024x684.jpg\" alt=\"\" class=\"wp-image-30912\" srcset=\"https:\/\/elradar.info\/wp-content\/uploads\/2022\/11\/photo_2022-11-18_13-18-06-2-1024x684.jpg 1024w, https:\/\/elradar.info\/wp-content\/uploads\/2022\/11\/photo_2022-11-18_13-18-06-2-300x200.jpg 300w, https:\/\/elradar.info\/wp-content\/uploads\/2022\/11\/photo_2022-11-18_13-18-06-2-768x513.jpg 768w, https:\/\/elradar.info\/wp-content\/uploads\/2022\/11\/photo_2022-11-18_13-18-06-2-720x480.jpg 720w, https:\/\/elradar.info\/wp-content\/uploads\/2022\/11\/photo_2022-11-18_13-18-06-2-480x321.jpg 480w, https:\/\/elradar.info\/wp-content\/uploads\/2022\/11\/photo_2022-11-18_13-18-06-2.jpg 1280w\" sizes=\"auto, (max-width: 1024px) 100vw, 1024px\" \/><\/figure>\n\n\n\n<figure class=\"wp-block-image size-large\"><img loading=\"lazy\" decoding=\"async\" width=\"1024\" height=\"682\" data-id=\"30911\" src=\"https:\/\/elradar.info\/wp-content\/uploads\/2022\/11\/photo_2022-11-18_13-18-06-1024x682.jpg\" alt=\"\" class=\"wp-image-30911\" srcset=\"https:\/\/elradar.info\/wp-content\/uploads\/2022\/11\/photo_2022-11-18_13-18-06-1024x682.jpg 1024w, https:\/\/elradar.info\/wp-content\/uploads\/2022\/11\/photo_2022-11-18_13-18-06-300x200.jpg 300w, https:\/\/elradar.info\/wp-content\/uploads\/2022\/11\/photo_2022-11-18_13-18-06-768x512.jpg 768w, https:\/\/elradar.info\/wp-content\/uploads\/2022\/11\/photo_2022-11-18_13-18-06-720x480.jpg 720w, https:\/\/elradar.info\/wp-content\/uploads\/2022\/11\/photo_2022-11-18_13-18-06-480x320.jpg 480w, https:\/\/elradar.info\/wp-content\/uploads\/2022\/11\/photo_2022-11-18_13-18-06.jpg 1280w\" sizes=\"auto, (max-width: 1024px) 100vw, 1024px\" \/><\/figure>\n\n\n\n<figure class=\"wp-block-image size-large\"><img loading=\"lazy\" decoding=\"async\" width=\"1024\" height=\"684\" data-id=\"30914\" src=\"https:\/\/elradar.info\/wp-content\/uploads\/2022\/11\/photo_2022-11-18_13-18-05-2-1024x684.jpg\" alt=\"\" class=\"wp-image-30914\" srcset=\"https:\/\/elradar.info\/wp-content\/uploads\/2022\/11\/photo_2022-11-18_13-18-05-2-1024x684.jpg 1024w, https:\/\/elradar.info\/wp-content\/uploads\/2022\/11\/photo_2022-11-18_13-18-05-2-300x200.jpg 300w, https:\/\/elradar.info\/wp-content\/uploads\/2022\/11\/photo_2022-11-18_13-18-05-2-768x513.jpg 768w, https:\/\/elradar.info\/wp-content\/uploads\/2022\/11\/photo_2022-11-18_13-18-05-2-720x480.jpg 720w, https:\/\/elradar.info\/wp-content\/uploads\/2022\/11\/photo_2022-11-18_13-18-05-2-480x321.jpg 480w, https:\/\/elradar.info\/wp-content\/uploads\/2022\/11\/photo_2022-11-18_13-18-05-2.jpg 1280w\" sizes=\"auto, (max-width: 1024px) 100vw, 1024px\" \/><\/figure>\n\n\n\n<figure class=\"wp-block-image size-large\"><img loading=\"lazy\" decoding=\"async\" width=\"1024\" height=\"684\" data-id=\"30913\" src=\"https:\/\/elradar.info\/wp-content\/uploads\/2022\/11\/photo_2022-11-18_13-18-05-1024x684.jpg\" alt=\"\" class=\"wp-image-30913\" srcset=\"https:\/\/elradar.info\/wp-content\/uploads\/2022\/11\/photo_2022-11-18_13-18-05-1024x684.jpg 1024w, https:\/\/elradar.info\/wp-content\/uploads\/2022\/11\/photo_2022-11-18_13-18-05-300x200.jpg 300w, https:\/\/elradar.info\/wp-content\/uploads\/2022\/11\/photo_2022-11-18_13-18-05-768x513.jpg 768w, https:\/\/elradar.info\/wp-content\/uploads\/2022\/11\/photo_2022-11-18_13-18-05-720x480.jpg 720w, https:\/\/elradar.info\/wp-content\/uploads\/2022\/11\/photo_2022-11-18_13-18-05-480x321.jpg 480w, https:\/\/elradar.info\/wp-content\/uploads\/2022\/11\/photo_2022-11-18_13-18-05.jpg 1280w\" sizes=\"auto, (max-width: 1024px) 100vw, 1024px\" \/><\/figure>\n<\/figure>\n","protected":false},"excerpt":{"rendered":"<p>En el marco del aniversario de Beni, hoy el presidente Luis Arce, entreg\u00f3 85 viviendas que beneficiar\u00e1n a 298 personas, gracias a una inversi\u00f3n de m\u00e1s de Bs 6 millones. \u201cDistribuir viviendas no es un capricho nuestro, hay un enorme d\u00e9ficit habitacional y por eso el Gobierno Nacional seguir\u00e1 construyendo viviendas en todo el territorio nacional\u201d, dijo Arce.\u00a0 \u201cVamos a cerrar la brecha de este d\u00e9ficit. Ese es nuestro compromiso ante el pueblo y esas son las instrucciones a la AEVivienda\u201d, agreg\u00f3 esta ma\u00f1ana en el acto de entrega de unidades habitacionales del Proyecto \u201cVivienda Nueva Autoconstrucci\u00f3n\u201d en sus fases<\/p>\n","protected":false},"author":2,"featured_media":30915,"comment_status":"closed","ping_status":"open","sticky":false,"template":"","format":"standard","meta":{"_seopress_robots_primary_cat":"none","_seopress_titles_title":"","_seopress_titles_desc":"","_seopress_robots_index":"","_jetpack_memberships_contains_paid_content":false,"footnotes":""},"categories":[103],"tags":[402,254,109,2051,132,1017],"class_list":["post-30908","post","type-post","status-publish","format-standard","has-post-thumbnail","hentry","category-nacional","tag-aniversario","tag-beni","tag-bolivia","tag-entrega","tag-luis-arce","tag-viviendas-sociales"],"jetpack_featured_media_url":"https:\/\/elradar.info\/wp-content\/uploads\/2022\/11\/photo_2022-11-18_13-18-04.jpg","jetpack_sharing_enabled":true,"amp_enabled":true,"_links":{"self":[{"href":"https:\/\/elradar.info\/index.php?rest_route=\/wp\/v2\/posts\/30908","targetHints":{"allow":["GET"]}}],"collection":[{"href":"https:\/\/elradar.info\/index.php?rest_route=\/wp\/v2\/posts"}],"about":[{"href":"https:\/\/elradar.info\/index.php?rest_route=\/wp\/v2\/types\/post"}],"author":[{"embeddable":true,"href":"https:\/\/elradar.info\/index.php?rest_route=\/wp\/v2\/users\/2"}],"replies":[{"embeddable":true,"href":"https:\/\/elradar.info\/index.php?rest_route=%2Fwp%2Fv2%2Fcomments&post=30908"}],"version-history":[{"count":1,"href":"https:\/\/elradar.info\/index.php?rest_route=\/wp\/v2\/posts\/30908\/revisions"}],"predecessor-version":[{"id":30916,"href":"https:\/\/elradar.info\/index.php?rest_route=\/wp\/v2\/posts\/30908\/revisions\/30916"}],"wp:featuredmedia":[{"embeddable":true,"href":"https:\/\/elradar.info\/index.php?rest_route=\/wp\/v2\/media\/30915"}],"wp:attachment":[{"href":"https:\/\/elradar.info\/index.php?rest_route=%2Fwp%2Fv2%2Fmedia&parent=30908"}],"wp:term":[{"taxonomy":"category","embeddable":true,"href":"https:\/\/elradar.info\/index.php?rest_route=%2Fwp%2Fv2%2Fcategories&post=30908"},{"taxonomy":"post_tag","embeddable":true,"href":"https:\/\/elradar.info\/index.php?rest_route=%2Fwp%2Fv2%2Ftags&post=30908"}],"curies":[{"name":"wp","href":"https:\/\/api.w.org\/{rel}","templated":true}]}}