{"id":31334,"date":"2022-11-28T14:45:59","date_gmt":"2022-11-28T18:45:59","guid":{"rendered":"http:\/\/elradar.info\/?p=31334"},"modified":"2024-02-01T12:12:49","modified_gmt":"2024-02-01T16:12:49","slug":"la-ley-del-censo-frustro-el-intento-de-golpe-de-estado-de-romero-y-quintana-al-actual-gobierno","status":"publish","type":"post","link":"https:\/\/elradar.info\/?p=31334","title":{"rendered":"<strong>La Ley del Censo frustr\u00f3 el intento de Golpe de Estado de Romero y Quintana al actual Gobierno<\/strong>"},"content":{"rendered":"\n<p>El jefe de bancada del MAS, Diputado Andres Flores dijo que los traidores son los que se oponen a la ley de aplicaci\u00f3n de resultados del censo y afirma que se cay\u00f3 su intento de golpe de Romero y Quintana que rechazaban la ley para que haya enfrentamientos en Santa Cruz.<\/p>\n\n\n\n<p>Flores asegur\u00f3 que el exministro Juan Ram\u00f3n Quintana llam\u00f3 a un cercano del presidente de Bolivia, Luis Arce, para advertir que el actual gobierno terminar\u00e1 en mayo del 2023.<\/p>\n\n\n\n<p><em>\u201cNo vamos a dar nombres de a qui\u00e9nes ha llamado, hay pruebas. Por lo tanto, Quintana no puede decir que es una acusaci\u00f3n, de ninguna manera. Quintana llam\u00f3 a esta persona y le dio hasta mayo, que el Gobierno va durar hasta mayo, que el gobierno del hermano Lucho va durar hasta mayo de 2023\u201d, <\/em>denunci\u00f3 enf\u00e1ticamente el jefe de bancada nacional del MAS.<\/p>\n\n\n\n<p>El legislador sostuvo que el plan de Carlos Romero y Juan Ram\u00f3n Quintana, exministros de Evo Morales, era dar continuar al conflicto de Santa Cruz para provocar m\u00e1s enfrentamientos y posteriormente generar un \u201csegundo golpe de Estado\u201d, pero esas intenciones fueron opacadas con la aprobaci\u00f3n del proyecto de ley del censo en la C\u00e1mara de Diputados el s\u00e1bado pasado y que ahora se encuentra en la C\u00e1mara de Senadores.<\/p>\n\n\n\n<p>El diputado lament\u00f3 que el expresidente Evo Morales ahora se constituya en un atacante permanente del gobierno de Luis Arce y olvide que vienen del mismo instrumento pol\u00edtico. Los senadores leales a Evo Morales mostraron su desacuerdo a la ley del censo, siguiendo la l\u00ednea del expresidente Morales, y en algunos casos, como el senador Leonardo Loza, anticiparon que rechazar\u00e1n el proyecto y lo devolver\u00e1n a la C\u00e1mara de Diputados.<\/p>\n","protected":false},"excerpt":{"rendered":"<p>El jefe de bancada del MAS, Diputado Andres Flores dijo que los traidores son los que se oponen a la ley de aplicaci\u00f3n de resultados del censo y afirma que se cay\u00f3 su intento de golpe de Romero y Quintana que rechazaban la ley para que haya enfrentamientos en Santa Cruz. Flores asegur\u00f3 que el exministro Juan Ram\u00f3n Quintana llam\u00f3 a un cercano del presidente de Bolivia, Luis Arce, para advertir que el actual gobierno terminar\u00e1 en mayo del 2023. \u201cNo vamos a dar nombres de a qui\u00e9nes ha llamado, hay pruebas. Por lo tanto, Quintana no puede decir que<\/p>\n","protected":false},"author":2,"featured_media":31337,"comment_status":"closed","ping_status":"open","sticky":false,"template":"","format":"standard","meta":{"_seopress_robots_primary_cat":"none","_seopress_titles_title":"","_seopress_titles_desc":"","_seopress_robots_index":"","_jetpack_memberships_contains_paid_content":false,"footnotes":""},"categories":[103],"tags":[109,4392,155,111,752,5399,688,1094],"class_list":["post-31334","post","type-post","status-publish","format-standard","has-post-thumbnail","hentry","category-nacional","tag-bolivia","tag-censo-nacional-de-poblacion-y-vivienda-2024","tag-evo-morales","tag-golpe-de-estado","tag-juan-ramon-quintana","tag-ley","tag-mas-ipsp","tag-nacional"],"jetpack_featured_media_url":"https:\/\/elradar.info\/wp-content\/uploads\/2022\/11\/FLORESMASS-1280x720-1.png","jetpack_sharing_enabled":true,"amp_enabled":true,"_links":{"self":[{"href":"https:\/\/elradar.info\/index.php?rest_route=\/wp\/v2\/posts\/31334","targetHints":{"allow":["GET"]}}],"collection":[{"href":"https:\/\/elradar.info\/index.php?rest_route=\/wp\/v2\/posts"}],"about":[{"href":"https:\/\/elradar.info\/index.php?rest_route=\/wp\/v2\/types\/post"}],"author":[{"embeddable":true,"href":"https:\/\/elradar.info\/index.php?rest_route=\/wp\/v2\/users\/2"}],"replies":[{"embeddable":true,"href":"https:\/\/elradar.info\/index.php?rest_route=%2Fwp%2Fv2%2Fcomments&post=31334"}],"version-history":[{"count":1,"href":"https:\/\/elradar.info\/index.php?rest_route=\/wp\/v2\/posts\/31334\/revisions"}],"predecessor-version":[{"id":31338,"href":"https:\/\/elradar.info\/index.php?rest_route=\/wp\/v2\/posts\/31334\/revisions\/31338"}],"wp:featuredmedia":[{"embeddable":true,"href":"https:\/\/elradar.info\/index.php?rest_route=\/wp\/v2\/media\/31337"}],"wp:attachment":[{"href":"https:\/\/elradar.info\/index.php?rest_route=%2Fwp%2Fv2%2Fmedia&parent=31334"}],"wp:term":[{"taxonomy":"category","embeddable":true,"href":"https:\/\/elradar.info\/index.php?rest_route=%2Fwp%2Fv2%2Fcategories&post=31334"},{"taxonomy":"post_tag","embeddable":true,"href":"https:\/\/elradar.info\/index.php?rest_route=%2Fwp%2Fv2%2Ftags&post=31334"}],"curies":[{"name":"wp","href":"https:\/\/api.w.org\/{rel}","templated":true}]}}