{"id":31398,"date":"2022-11-29T14:43:30","date_gmt":"2022-11-29T18:43:30","guid":{"rendered":"http:\/\/elradar.info\/?p=31398"},"modified":"2024-02-01T12:12:48","modified_gmt":"2024-02-01T16:12:48","slug":"gestora-publica-muestra-un-61-de-avance-en-la-migracion-de-datos","status":"publish","type":"post","link":"https:\/\/elradar.info\/?p=31398","title":{"rendered":"<strong>Gestora P\u00fablica muestra un 61% de avance en la migraci\u00f3n de datos<\/strong>"},"content":{"rendered":"\n<p>Seg\u00fan datos de la nueva entidad estatal, la migraci\u00f3n de datos de los asegurados de las Administradoras de Fondos de Pensiones (AFP) a la Gestora P\u00fablica de la Seguridad Social de Largo Plazo registra un avance del 61%. El gerente general de la Gestora, Jaime Dur\u00e1n, inform\u00f3 que se espera que hasta marzo del pr\u00f3ximo a\u00f1o se inicien las operaciones al 100% y que los recursos de los aportantes sean administrados en su totalidad por la nueva entidad.<\/p>\n\n\n\n<p><em>\u201cTenemos un avance del 61 por ciento. En ese sentido, por ejemplo, ya contamos con toda la base de datos de asegurados, empleadores y sobre ello estamos trabajando; de tal manera que la gente puede sentirse segura en relaci\u00f3n a la administraci\u00f3n de los recursos del Sistema Integral de Pensiones\u201d, <\/em>dijo.<\/p>\n\n\n\n<p>Con el inicio de las labores de la Gestora P\u00fablica, el pa\u00eds dejar\u00e1 de depender de las instituciones privadas AFP. Asimismo, Dur\u00e1n inform\u00f3 que ya se cuenta con m\u00e1s de 7000 afiliados. Sin embargo, el resto de los afiliados que actualmente se encuentran aportando a las AFP continuar\u00e1n haci\u00e9ndolo hasta mayo de 2023, plazo establecido para la conclusi\u00f3n del proceso de migraci\u00f3n de datos.<\/p>\n","protected":false},"excerpt":{"rendered":"<p>Seg\u00fan datos de la nueva entidad estatal, la migraci\u00f3n de datos de los asegurados de las Administradoras de Fondos de Pensiones (AFP) a la Gestora P\u00fablica de la Seguridad Social de Largo Plazo registra un avance del 61%. El gerente general de la Gestora, Jaime Dur\u00e1n, inform\u00f3 que se espera que hasta marzo del pr\u00f3ximo a\u00f1o se inicien las operaciones al 100% y que los recursos de los aportantes sean administrados en su totalidad por la nueva entidad. \u201cTenemos un avance del 61 por ciento. En ese sentido, por ejemplo, ya contamos con toda la base de datos de asegurados,<\/p>\n","protected":false},"author":2,"featured_media":31401,"comment_status":"closed","ping_status":"open","sticky":false,"template":"","format":"standard","meta":{"_seopress_robots_primary_cat":"none","_seopress_titles_title":"","_seopress_titles_desc":"","_seopress_robots_index":"","_jetpack_memberships_contains_paid_content":false,"footnotes":""},"categories":[103],"tags":[4519,109,5477,4051,466],"class_list":["post-31398","post","type-post","status-publish","format-standard","has-post-thumbnail","hentry","category-nacional","tag-avance","tag-bolivia","tag-datos","tag-gestora-publica","tag-migracion"],"jetpack_featured_media_url":"https:\/\/elradar.info\/wp-content\/uploads\/2022\/11\/gestora_21-4019525_20221128203834.jpg","jetpack_sharing_enabled":true,"amp_enabled":true,"_links":{"self":[{"href":"https:\/\/elradar.info\/index.php?rest_route=\/wp\/v2\/posts\/31398","targetHints":{"allow":["GET"]}}],"collection":[{"href":"https:\/\/elradar.info\/index.php?rest_route=\/wp\/v2\/posts"}],"about":[{"href":"https:\/\/elradar.info\/index.php?rest_route=\/wp\/v2\/types\/post"}],"author":[{"embeddable":true,"href":"https:\/\/elradar.info\/index.php?rest_route=\/wp\/v2\/users\/2"}],"replies":[{"embeddable":true,"href":"https:\/\/elradar.info\/index.php?rest_route=%2Fwp%2Fv2%2Fcomments&post=31398"}],"version-history":[{"count":1,"href":"https:\/\/elradar.info\/index.php?rest_route=\/wp\/v2\/posts\/31398\/revisions"}],"predecessor-version":[{"id":31402,"href":"https:\/\/elradar.info\/index.php?rest_route=\/wp\/v2\/posts\/31398\/revisions\/31402"}],"wp:featuredmedia":[{"embeddable":true,"href":"https:\/\/elradar.info\/index.php?rest_route=\/wp\/v2\/media\/31401"}],"wp:attachment":[{"href":"https:\/\/elradar.info\/index.php?rest_route=%2Fwp%2Fv2%2Fmedia&parent=31398"}],"wp:term":[{"taxonomy":"category","embeddable":true,"href":"https:\/\/elradar.info\/index.php?rest_route=%2Fwp%2Fv2%2Fcategories&post=31398"},{"taxonomy":"post_tag","embeddable":true,"href":"https:\/\/elradar.info\/index.php?rest_route=%2Fwp%2Fv2%2Ftags&post=31398"}],"curies":[{"name":"wp","href":"https:\/\/api.w.org\/{rel}","templated":true}]}}