{"id":31403,"date":"2022-11-29T15:23:11","date_gmt":"2022-11-29T19:23:11","guid":{"rendered":"http:\/\/elradar.info\/?p=31403"},"modified":"2024-02-01T12:12:48","modified_gmt":"2024-02-01T16:12:48","slug":"la-policia-detiene-a-dos-feminicidas-en-las-ultimas-horas","status":"publish","type":"post","link":"https:\/\/elradar.info\/?p=31403","title":{"rendered":"<strong>La polic\u00eda detiene a dos feminicidas en las \u00faltimas horas<\/strong>"},"content":{"rendered":"\n<p>Evelin Jhuliana Castro y Rub\u00e9n T\u00f3rres, son los responsables de los feminicidios de Wendy y Reyna, ambos hechos ocurrieron el fin de semana en La Paz.&nbsp;<\/p>\n\n\n\n<p>El ministro de Gobierno, Eduardo Del Castillo, particip\u00f3 en la presentaci\u00f3n de los dos sindicados y destac\u00f3 la efectividad de las pesquisas desarrolladas por la Polic\u00eda para aclarar estos hechos de sangre y brindar justicia a los familiares de las v\u00edctimas.<\/p>\n\n\n\n<p>El primer caso se registr\u00f3 el pasado fin de semana en la zona de Sopocachi, en el edificio Santa Isabel, donde Reyna (31 a\u00f1os) fue hallada muerta. El cuerpo presentaba signos de estrangulamiento por compresi\u00f3n cervical externa y una asfixia mec\u00e1nica, seg\u00fan estableci\u00f3 m\u00e1s tarde el examen forense.<\/p>\n\n\n\n<p>De acuerdo con el testimonio de los vecinos, Rub\u00e9n Torres era la pareja de Reyna y ambos discut\u00edan en los pasillos del edificio. La mujer ingres\u00f3 junto al hombre a su departamento, donde continuaron la discusi\u00f3n, la cual ces\u00f3 en determinado momento, tras lo cual, Rub\u00e9n abandon\u00f3 el edificio de manera sospechosa y se dio a la fuga hacia el municipio de Caranavi, donde fue aprehendido.<\/p>\n\n\n\n<p>Las investigaciones policiales establecieron que el sujeto uso un cable para estrangular a su pareja. Se acudi\u00f3 a las im\u00e1genes de las c\u00e1maras de seguridad para realizar un desdoblamiento y constatar con precisi\u00f3n que Torres estaba en el lugar.<\/p>\n\n\n\n<p>El segundo caso tuvo lugar en la zona Huayna Potos\u00ed de la urbe alte\u00f1a y la principal sindicada es Evelin Jhuliana Castro, quien asesin\u00f3 a su pareja, Wendy M.S. (23 a\u00f1os): El hecho se produjo en medio de una discusi\u00f3n, que deriv\u00f3 en que Castro tome un cuchillo, forcejee y hiera a su pareja en el t\u00f3rax.<\/p>\n\n\n\n<p>La agresi\u00f3n le ocasion\u00f3 a Wendy un shock hipovol\u00e9mico post hemorr\u00e1gico, acompa\u00f1ado de laceraci\u00f3n pulmonar, que caus\u00f3 su muerte, seg\u00fan la autopsia de ley.&nbsp;&nbsp;&nbsp;&nbsp;&nbsp;&nbsp;<\/p>\n\n\n\n<p>El Ministro de Gobierno se\u00f1al\u00f3 que la pelea entre la pareja se habr\u00eda producido mientras consum\u00edan bebidas alcoh\u00f3licas, desde las 09.00 del s\u00e1bado, y aproximadamente a las 17.00 se produjo la agresi\u00f3n, motivada por celos.<\/p>\n\n\n\n<figure class=\"wp-block-gallery has-nested-images columns-default is-cropped wp-block-gallery-1 is-layout-flex wp-block-gallery-is-layout-flex\">\n<figure class=\"wp-block-image size-large\"><img loading=\"lazy\" decoding=\"async\" width=\"1024\" height=\"684\" data-id=\"31407\" src=\"https:\/\/elradar.info\/wp-content\/uploads\/2022\/11\/317545031_482609423965992_1062648744174697747_n-1024x684.jpg\" alt=\"\" class=\"wp-image-31407\" srcset=\"https:\/\/elradar.info\/wp-content\/uploads\/2022\/11\/317545031_482609423965992_1062648744174697747_n-1024x684.jpg 1024w, https:\/\/elradar.info\/wp-content\/uploads\/2022\/11\/317545031_482609423965992_1062648744174697747_n-300x200.jpg 300w, https:\/\/elradar.info\/wp-content\/uploads\/2022\/11\/317545031_482609423965992_1062648744174697747_n-768x513.jpg 768w, https:\/\/elradar.info\/wp-content\/uploads\/2022\/11\/317545031_482609423965992_1062648744174697747_n-1536x1026.jpg 1536w, https:\/\/elradar.info\/wp-content\/uploads\/2022\/11\/317545031_482609423965992_1062648744174697747_n-720x480.jpg 720w, https:\/\/elradar.info\/wp-content\/uploads\/2022\/11\/317545031_482609423965992_1062648744174697747_n-480x321.jpg 480w, https:\/\/elradar.info\/wp-content\/uploads\/2022\/11\/317545031_482609423965992_1062648744174697747_n.jpg 1600w\" sizes=\"auto, (max-width: 1024px) 100vw, 1024px\" \/><\/figure>\n\n\n\n<figure class=\"wp-block-image size-large\"><img loading=\"lazy\" decoding=\"async\" width=\"1024\" height=\"684\" data-id=\"31406\" src=\"https:\/\/elradar.info\/wp-content\/uploads\/2022\/11\/317690467_482609430632658_1612506867036910514_n-1024x684.jpg\" alt=\"\" class=\"wp-image-31406\" srcset=\"https:\/\/elradar.info\/wp-content\/uploads\/2022\/11\/317690467_482609430632658_1612506867036910514_n-1024x684.jpg 1024w, https:\/\/elradar.info\/wp-content\/uploads\/2022\/11\/317690467_482609430632658_1612506867036910514_n-300x200.jpg 300w, https:\/\/elradar.info\/wp-content\/uploads\/2022\/11\/317690467_482609430632658_1612506867036910514_n-768x513.jpg 768w, https:\/\/elradar.info\/wp-content\/uploads\/2022\/11\/317690467_482609430632658_1612506867036910514_n-1536x1026.jpg 1536w, https:\/\/elradar.info\/wp-content\/uploads\/2022\/11\/317690467_482609430632658_1612506867036910514_n-720x480.jpg 720w, https:\/\/elradar.info\/wp-content\/uploads\/2022\/11\/317690467_482609430632658_1612506867036910514_n-480x321.jpg 480w, https:\/\/elradar.info\/wp-content\/uploads\/2022\/11\/317690467_482609430632658_1612506867036910514_n.jpg 1600w\" sizes=\"auto, (max-width: 1024px) 100vw, 1024px\" \/><\/figure>\n<\/figure>\n","protected":false},"excerpt":{"rendered":"<p>Evelin Jhuliana Castro y Rub\u00e9n T\u00f3rres, son los responsables de los feminicidios de Wendy y Reyna, ambos hechos ocurrieron el fin de semana en La Paz.&nbsp; El ministro de Gobierno, Eduardo Del Castillo, particip\u00f3 en la presentaci\u00f3n de los dos sindicados y destac\u00f3 la efectividad de las pesquisas desarrolladas por la Polic\u00eda para aclarar estos hechos de sangre y brindar justicia a los familiares de las v\u00edctimas. El primer caso se registr\u00f3 el pasado fin de semana en la zona de Sopocachi, en el edificio Santa Isabel, donde Reyna (31 a\u00f1os) fue hallada muerta. El cuerpo presentaba signos de estrangulamiento<\/p>\n","protected":false},"author":2,"featured_media":31408,"comment_status":"closed","ping_status":"open","sticky":false,"template":"","format":"standard","meta":{"_seopress_robots_primary_cat":"none","_seopress_titles_title":"","_seopress_titles_desc":"","_seopress_robots_index":"","_jetpack_memberships_contains_paid_content":false,"footnotes":""},"categories":[103],"tags":[109,129,5478,268,293,246,1094,5479],"class_list":["post-31403","post","type-post","status-publish","format-standard","has-post-thumbnail","hentry","category-nacional","tag-bolivia","tag-eduardo-del-castillo","tag-evelin-jhuliana-castro","tag-feminicidio","tag-la-paz","tag-ministerio-de-gobierno","tag-nacional","tag-ruben-torres"],"jetpack_featured_media_url":"https:\/\/elradar.info\/wp-content\/uploads\/2022\/11\/317695465_482609453965989_8195092798263833687_n.jpg","jetpack_sharing_enabled":true,"amp_enabled":true,"_links":{"self":[{"href":"https:\/\/elradar.info\/index.php?rest_route=\/wp\/v2\/posts\/31403","targetHints":{"allow":["GET"]}}],"collection":[{"href":"https:\/\/elradar.info\/index.php?rest_route=\/wp\/v2\/posts"}],"about":[{"href":"https:\/\/elradar.info\/index.php?rest_route=\/wp\/v2\/types\/post"}],"author":[{"embeddable":true,"href":"https:\/\/elradar.info\/index.php?rest_route=\/wp\/v2\/users\/2"}],"replies":[{"embeddable":true,"href":"https:\/\/elradar.info\/index.php?rest_route=%2Fwp%2Fv2%2Fcomments&post=31403"}],"version-history":[{"count":1,"href":"https:\/\/elradar.info\/index.php?rest_route=\/wp\/v2\/posts\/31403\/revisions"}],"predecessor-version":[{"id":31409,"href":"https:\/\/elradar.info\/index.php?rest_route=\/wp\/v2\/posts\/31403\/revisions\/31409"}],"wp:featuredmedia":[{"embeddable":true,"href":"https:\/\/elradar.info\/index.php?rest_route=\/wp\/v2\/media\/31408"}],"wp:attachment":[{"href":"https:\/\/elradar.info\/index.php?rest_route=%2Fwp%2Fv2%2Fmedia&parent=31403"}],"wp:term":[{"taxonomy":"category","embeddable":true,"href":"https:\/\/elradar.info\/index.php?rest_route=%2Fwp%2Fv2%2Fcategories&post=31403"},{"taxonomy":"post_tag","embeddable":true,"href":"https:\/\/elradar.info\/index.php?rest_route=%2Fwp%2Fv2%2Ftags&post=31403"}],"curies":[{"name":"wp","href":"https:\/\/api.w.org\/{rel}","templated":true}]}}