{"id":31457,"date":"2022-11-30T13:02:45","date_gmt":"2022-11-30T17:02:45","guid":{"rendered":"http:\/\/elradar.info\/?p=31457"},"modified":"2024-02-01T12:12:47","modified_gmt":"2024-02-01T16:12:47","slug":"el-musef-presenta-cuatro-animaciones-sobre-leyendas-de-pueblos-originarios","status":"publish","type":"post","link":"https:\/\/elradar.info\/?p=31457","title":{"rendered":"<strong>El MUSEF presenta cuatro animaciones sobre leyendas de pueblos originarios<\/strong>"},"content":{"rendered":"\n<p>El Museo Nacional de Etnograf\u00eda y Folklore (MUSEF) proyectar\u00e1 hoy 4 cortometrajes animados basados en leyendas de pueblos originarios. Se trata de narraciones andinas y del llano sobre el origen de la papa, del ma\u00edz y de la yuca, adem\u00e1s de una perteneciente a la cultura weenhayek sobre el origen del fuego y los vegetales. Estas narraciones est\u00e1n basadas en libros de Antonio D\u00edaz Villamil y Vicente Ter\u00e1n Erquicia, adem\u00e1s de las investigaciones de Jan Alvarsson sobre la cultura weenhayek.<\/p>\n\n\n\n<p>La presentaci\u00f3n forma parte del proyecto de mitos y leyendas en dibujos animados, que ya va por su segunda serie, cuyo enfoque es la \u201cCrianza Mutua y la Alimentaci\u00f3n\u201d. El dise\u00f1o de los personajes de la animaci\u00f3n fue hecho por la artista cochabambina, Adriana Garc\u00eda, quien al respecto expres\u00f3:<\/p>\n\n\n\n<p><em>\u201cFue un trabajo muy intenso, pero muy interesante. Trabajamos de acuerdo con muchos objetos de la colecci\u00f3n del Musef, especialmente los referentes a los textiles y adornos. Quer\u00edamos reproducir la vida de los pobladores de esas culturas lo m\u00e1s realista posible, dentro de los l\u00edmites de la animaci\u00f3n\u201d,<\/em> explic\u00f3.<\/p>\n\n\n\n<p>Garc\u00eda trabaj\u00f3 durante tres meses en colaboraci\u00f3n con Cristopher Rojas y Melanie Fern\u00e1ndez en la elaboraci\u00f3n de las animaciones, las mismas que fueron musicalizadas por Cuc\u00f3 Pach\u00e1 Kuti, y narradas por Alejandra Lanza, Carla Soliz, Salvador Lobo, Matilde Rojas y Alfonso Bottega.<\/p>\n\n\n\n<p>La cita es hoy en el MUSEF a las 19:00, pero, para los que no pudieran asistir a ella, pueden disfrutar de las animaciones a trav\u00e9s de la p\u00e1gina web del museo.<\/p>\n","protected":false},"excerpt":{"rendered":"<p>El Museo Nacional de Etnograf\u00eda y Folklore (MUSEF) proyectar\u00e1 hoy 4 cortometrajes animados basados en leyendas de pueblos originarios. Se trata de narraciones andinas y del llano sobre el origen de la papa, del ma\u00edz y de la yuca, adem\u00e1s de una perteneciente a la cultura weenhayek sobre el origen del fuego y los vegetales. Estas narraciones est\u00e1n basadas en libros de Antonio D\u00edaz Villamil y Vicente Ter\u00e1n Erquicia, adem\u00e1s de las investigaciones de Jan Alvarsson sobre la cultura weenhayek. La presentaci\u00f3n forma parte del proyecto de mitos y leyendas en dibujos animados, que ya va por su segunda serie,<\/p>\n","protected":false},"author":2,"featured_media":31460,"comment_status":"closed","ping_status":"open","sticky":false,"template":"","format":"standard","meta":{"_seopress_robots_primary_cat":"none","_seopress_titles_title":"","_seopress_titles_desc":"","_seopress_robots_index":"","_jetpack_memberships_contains_paid_content":false,"footnotes":""},"categories":[127,103],"tags":[5507,5500,109,141,5505,5501,549,5499,5502,5504,5506],"class_list":["post-31457","post","type-post","status-publish","format-standard","has-post-thumbnail","hentry","category-cultura","category-nacional","tag-adriana-garcia","tag-animacion","tag-bolivia","tag-cultura","tag-jan-alvarsson","tag-leyendas","tag-musef","tag-museo-nacional-de-etnografia-y-folklore","tag-pueblos-originarios","tag-vicente-teran-erquicia","tag-weenhayek"],"jetpack_featured_media_url":"https:\/\/elradar.info\/wp-content\/uploads\/2022\/11\/WhatsApp-Image-2022-11-30-at-12.20.40.jpg","jetpack_sharing_enabled":true,"amp_enabled":true,"_links":{"self":[{"href":"https:\/\/elradar.info\/index.php?rest_route=\/wp\/v2\/posts\/31457","targetHints":{"allow":["GET"]}}],"collection":[{"href":"https:\/\/elradar.info\/index.php?rest_route=\/wp\/v2\/posts"}],"about":[{"href":"https:\/\/elradar.info\/index.php?rest_route=\/wp\/v2\/types\/post"}],"author":[{"embeddable":true,"href":"https:\/\/elradar.info\/index.php?rest_route=\/wp\/v2\/users\/2"}],"replies":[{"embeddable":true,"href":"https:\/\/elradar.info\/index.php?rest_route=%2Fwp%2Fv2%2Fcomments&post=31457"}],"version-history":[{"count":1,"href":"https:\/\/elradar.info\/index.php?rest_route=\/wp\/v2\/posts\/31457\/revisions"}],"predecessor-version":[{"id":31461,"href":"https:\/\/elradar.info\/index.php?rest_route=\/wp\/v2\/posts\/31457\/revisions\/31461"}],"wp:featuredmedia":[{"embeddable":true,"href":"https:\/\/elradar.info\/index.php?rest_route=\/wp\/v2\/media\/31460"}],"wp:attachment":[{"href":"https:\/\/elradar.info\/index.php?rest_route=%2Fwp%2Fv2%2Fmedia&parent=31457"}],"wp:term":[{"taxonomy":"category","embeddable":true,"href":"https:\/\/elradar.info\/index.php?rest_route=%2Fwp%2Fv2%2Fcategories&post=31457"},{"taxonomy":"post_tag","embeddable":true,"href":"https:\/\/elradar.info\/index.php?rest_route=%2Fwp%2Fv2%2Ftags&post=31457"}],"curies":[{"name":"wp","href":"https:\/\/api.w.org\/{rel}","templated":true}]}}