{"id":31631,"date":"2022-12-02T15:10:16","date_gmt":"2022-12-02T19:10:16","guid":{"rendered":"http:\/\/elradar.info\/?p=31631"},"modified":"2024-02-01T12:12:03","modified_gmt":"2024-02-01T16:12:03","slug":"gobierno-entrega-resoluciones-homologadas-de-area-urbana-en-beneficio-de-mas-de-23-000-familias-en-cochabamba","status":"publish","type":"post","link":"https:\/\/elradar.info\/?p=31631","title":{"rendered":"<strong>Gobierno entrega resoluciones homologadas de \u00e1rea urbana en beneficio de m\u00e1s de 23.000 familias en Cochabamba<\/strong>"},"content":{"rendered":"\n<p>El presidente del Estado Plurinacional de Bolivia, Luis Arce Catacora, entreg\u00f3 2.102 hect\u00e1reas de \u00e1rea homologada en el municipio de Cercado, Cochabamba, que beneficia a 23.886 familias; el acto se realiz\u00f3 en la sede \u201cSan Marcos\u201d frente al EPI Sur de la capital del Valle.&nbsp;<\/p>\n\n\n\n<p><em>&#8220;Esta homologaci\u00f3n con resoluci\u00f3n ministerial no solamente es un papel, significa que la Alcald\u00eda ahora har\u00e1 su planimetr\u00eda y tendr\u00e1 que atender con servicios b\u00e1sicos como en todo el resto de la ciudad. Quiero felicitar a todos los que trabajaron junto al Viceministerio de Autonom\u00edas, a los presidentes de los distritos. Hoy, varias comunidades rurales se convierten en parte de la ciudad de Cochabamba\u201d,<\/em> se\u00f1al\u00f3 el Presidente Arce.<\/p>\n\n\n\n<p>Por su parte, el viceministro de Autonom\u00edas, Alvaro Ruiz, puntualiz\u00f3 que \u201cdichas resoluciones permiten ampliar la mancha urbana del municipio, lo que se traducir\u00e1 en un camino para mejorar el derecho propietario de los terrenos e inmuebles\u201d.&nbsp;<\/p>\n\n\n\n<p><em>\u201cLos distritos 8, 9, 14 y 15 se benefician con estas resoluciones ministeriales, y como esto, al menos doscientos treinta municipios de varios puntos del pa\u00eds se beneficiaron con la entrega de las resoluciones ministeriales de homologaci\u00f3n de \u00e1rea urbana; requisito que aumentar\u00e1 el valor de las propiedades en esas regiones y podr\u00e1 apalancar cr\u00e9ditos productivos\u201d,<\/em> dijo Ruiz.\u00a0<\/p>\n\n\n\n<figure class=\"wp-block-gallery has-nested-images columns-default is-cropped wp-block-gallery-1 is-layout-flex wp-block-gallery-is-layout-flex\">\n<figure class=\"wp-block-image size-large\"><img loading=\"lazy\" decoding=\"async\" width=\"1024\" height=\"705\" data-id=\"31635\" src=\"https:\/\/elradar.info\/wp-content\/uploads\/2022\/12\/photo_2022-12-01_18-52-21-2-1024x705.jpg\" alt=\"\" class=\"wp-image-31635\" srcset=\"https:\/\/elradar.info\/wp-content\/uploads\/2022\/12\/photo_2022-12-01_18-52-21-2-1024x705.jpg 1024w, https:\/\/elradar.info\/wp-content\/uploads\/2022\/12\/photo_2022-12-01_18-52-21-2-300x206.jpg 300w, https:\/\/elradar.info\/wp-content\/uploads\/2022\/12\/photo_2022-12-01_18-52-21-2-768x529.jpg 768w, https:\/\/elradar.info\/wp-content\/uploads\/2022\/12\/photo_2022-12-01_18-52-21-2-480x330.jpg 480w, https:\/\/elradar.info\/wp-content\/uploads\/2022\/12\/photo_2022-12-01_18-52-21-2.jpg 1280w\" sizes=\"auto, (max-width: 1024px) 100vw, 1024px\" \/><\/figure>\n\n\n\n<figure class=\"wp-block-image size-large\"><img loading=\"lazy\" decoding=\"async\" width=\"1024\" height=\"675\" data-id=\"31634\" src=\"https:\/\/elradar.info\/wp-content\/uploads\/2022\/12\/photo_2022-12-01_18-52-22-1024x675.jpg\" alt=\"\" class=\"wp-image-31634\" srcset=\"https:\/\/elradar.info\/wp-content\/uploads\/2022\/12\/photo_2022-12-01_18-52-22-1024x675.jpg 1024w, https:\/\/elradar.info\/wp-content\/uploads\/2022\/12\/photo_2022-12-01_18-52-22-300x198.jpg 300w, https:\/\/elradar.info\/wp-content\/uploads\/2022\/12\/photo_2022-12-01_18-52-22-768x506.jpg 768w, https:\/\/elradar.info\/wp-content\/uploads\/2022\/12\/photo_2022-12-01_18-52-22-480x317.jpg 480w, https:\/\/elradar.info\/wp-content\/uploads\/2022\/12\/photo_2022-12-01_18-52-22.jpg 1280w\" sizes=\"auto, (max-width: 1024px) 100vw, 1024px\" \/><\/figure>\n<\/figure>\n","protected":false},"excerpt":{"rendered":"<p>El presidente del Estado Plurinacional de Bolivia, Luis Arce Catacora, entreg\u00f3 2.102 hect\u00e1reas de \u00e1rea homologada en el municipio de Cercado, Cochabamba, que beneficia a 23.886 familias; el acto se realiz\u00f3 en la sede \u201cSan Marcos\u201d frente al EPI Sur de la capital del Valle.&nbsp; &#8220;Esta homologaci\u00f3n con resoluci\u00f3n ministerial no solamente es un papel, significa que la Alcald\u00eda ahora har\u00e1 su planimetr\u00eda y tendr\u00e1 que atender con servicios b\u00e1sicos como en todo el resto de la ciudad. Quiero felicitar a todos los que trabajaron junto al Viceministerio de Autonom\u00edas, a los presidentes de los distritos. Hoy, varias comunidades rurales<\/p>\n","protected":false},"author":2,"featured_media":31636,"comment_status":"closed","ping_status":"open","sticky":false,"template":"","format":"standard","meta":{"_seopress_robots_primary_cat":"none","_seopress_titles_title":"","_seopress_titles_desc":"","_seopress_robots_index":"","_jetpack_memberships_contains_paid_content":false,"footnotes":""},"categories":[103],"tags":[5583,5523,109,1074,313,2051,5208,2975,5582,120,1094,5584],"class_list":["post-31631","post","type-post","status-publish","format-standard","has-post-thumbnail","hentry","category-nacional","tag-area","tag-beneficio","tag-bolivia","tag-cercado","tag-cochabamba","tag-entrega","tag-familias","tag-gobierno","tag-homologadas","tag-luis-arce-catacora","tag-nacional","tag-urbana"],"jetpack_featured_media_url":"https:\/\/elradar.info\/wp-content\/uploads\/2022\/12\/photo_2022-12-01_18-52-21.jpg","jetpack_sharing_enabled":true,"amp_enabled":true,"_links":{"self":[{"href":"https:\/\/elradar.info\/index.php?rest_route=\/wp\/v2\/posts\/31631","targetHints":{"allow":["GET"]}}],"collection":[{"href":"https:\/\/elradar.info\/index.php?rest_route=\/wp\/v2\/posts"}],"about":[{"href":"https:\/\/elradar.info\/index.php?rest_route=\/wp\/v2\/types\/post"}],"author":[{"embeddable":true,"href":"https:\/\/elradar.info\/index.php?rest_route=\/wp\/v2\/users\/2"}],"replies":[{"embeddable":true,"href":"https:\/\/elradar.info\/index.php?rest_route=%2Fwp%2Fv2%2Fcomments&post=31631"}],"version-history":[{"count":1,"href":"https:\/\/elradar.info\/index.php?rest_route=\/wp\/v2\/posts\/31631\/revisions"}],"predecessor-version":[{"id":31637,"href":"https:\/\/elradar.info\/index.php?rest_route=\/wp\/v2\/posts\/31631\/revisions\/31637"}],"wp:featuredmedia":[{"embeddable":true,"href":"https:\/\/elradar.info\/index.php?rest_route=\/wp\/v2\/media\/31636"}],"wp:attachment":[{"href":"https:\/\/elradar.info\/index.php?rest_route=%2Fwp%2Fv2%2Fmedia&parent=31631"}],"wp:term":[{"taxonomy":"category","embeddable":true,"href":"https:\/\/elradar.info\/index.php?rest_route=%2Fwp%2Fv2%2Fcategories&post=31631"},{"taxonomy":"post_tag","embeddable":true,"href":"https:\/\/elradar.info\/index.php?rest_route=%2Fwp%2Fv2%2Ftags&post=31631"}],"curies":[{"name":"wp","href":"https:\/\/api.w.org\/{rel}","templated":true}]}}