{"id":31690,"date":"2022-12-05T18:45:20","date_gmt":"2022-12-05T22:45:20","guid":{"rendered":"http:\/\/elradar.info\/?p=31690"},"modified":"2024-02-01T12:12:02","modified_gmt":"2024-02-01T16:12:02","slug":"una-natita-evito-un-robo-en-el-alto","status":"publish","type":"post","link":"https:\/\/elradar.info\/?p=31690","title":{"rendered":"<strong>Una \u201c\u00f1atita\u201d evit\u00f3 un robo en El Alto<\/strong>"},"content":{"rendered":"\n<p>En un caso por dem\u00e1s ins\u00f3lito, un ladr\u00f3n que entr\u00f3 a robar una casa ubicada en la zona de Villa Dolores de la ciudad de El Alto se qued\u00f3 dormido mientras comet\u00eda el delito y pudo ser capturado por la polic\u00eda. La due\u00f1a de casa atribuy\u00f3 a la \u201c\u00f1atita\u201d que se encuentra en su hogar, el que el ladr\u00f3n no haya logrado su cometido.<\/p>\n\n\n\n<p>\u201c<em>La mujer, en la entrevista policial, atribuye a las posibilidades y alcance del cr\u00e1neo al que le tiene fe que habr\u00eda propiciado para que se duerma este sujeto, es un caso muy peculiar<\/em>\u201d, inform\u00f3 el subdirector de la Fuerza Especial de Lucha Contra el Crimen (FELCC), coronel Juan Jos\u00e9 Donaire.<\/p>\n\n\n\n<p>El conservar \u201c\u00f1atitas\u201d (cr\u00e1neos humanos) en las casas es una tradici\u00f3n ancestral que llega desde la \u00e9poca precolombina, cuando las familias desenterraban los restos de sus muertos para que, una vez al a\u00f1o, estas compartan junto a los suyos nuevamente. Con el tiempo y la llegada del catolicismo, esta tradici\u00f3n fue modificada hasta llegar al sincretismo del que goza hoy cuando, incluso, se celebran misas cat\u00f3licas para ellas cada 8 de noviembre.<\/p>\n\n\n\n<p>La tradici\u00f3n establece que las \u201c\u00f1atitas\u201d protegen de muchas formas a las familias que las resguardan, ya sea haciendo prosperar sus negocios, protegiendo su salud o, como en este caso, cuidando la casa evitando que entren los ladrones. En el \u00e1rea rural tambi\u00e9n se cree que protege de fen\u00f3menos clim\u00e1ticos como las sequ\u00edas e inundaciones.<\/p>\n","protected":false},"excerpt":{"rendered":"<p>En un caso por dem\u00e1s ins\u00f3lito, un ladr\u00f3n que entr\u00f3 a robar una casa ubicada en la zona de Villa Dolores de la ciudad de El Alto se qued\u00f3 dormido mientras comet\u00eda el delito y pudo ser capturado por la polic\u00eda. La due\u00f1a de casa atribuy\u00f3 a la \u201c\u00f1atita\u201d que se encuentra en su hogar, el que el ladr\u00f3n no haya logrado su cometido. \u201cLa mujer, en la entrevista policial, atribuye a las posibilidades y alcance del cr\u00e1neo al que le tiene fe que habr\u00eda propiciado para que se duerma este sujeto, es un caso muy peculiar\u201d, inform\u00f3 el subdirector<\/p>\n","protected":false},"author":2,"featured_media":31693,"comment_status":"closed","ping_status":"open","sticky":false,"template":"","format":"standard","meta":{"_seopress_robots_primary_cat":"none","_seopress_titles_title":"","_seopress_titles_desc":"","_seopress_robots_index":"","_jetpack_memberships_contains_paid_content":false,"footnotes":""},"categories":[103],"tags":[109,401,457,293,5609,1412],"class_list":["post-31690","post","type-post","status-publish","format-standard","has-post-thumbnail","hentry","category-nacional","tag-bolivia","tag-el-alto","tag-felcc","tag-la-paz","tag-natita","tag-robo"],"jetpack_featured_media_url":"https:\/\/elradar.info\/wp-content\/uploads\/2022\/12\/natita-1.jpg","jetpack_sharing_enabled":true,"amp_enabled":true,"_links":{"self":[{"href":"https:\/\/elradar.info\/index.php?rest_route=\/wp\/v2\/posts\/31690","targetHints":{"allow":["GET"]}}],"collection":[{"href":"https:\/\/elradar.info\/index.php?rest_route=\/wp\/v2\/posts"}],"about":[{"href":"https:\/\/elradar.info\/index.php?rest_route=\/wp\/v2\/types\/post"}],"author":[{"embeddable":true,"href":"https:\/\/elradar.info\/index.php?rest_route=\/wp\/v2\/users\/2"}],"replies":[{"embeddable":true,"href":"https:\/\/elradar.info\/index.php?rest_route=%2Fwp%2Fv2%2Fcomments&post=31690"}],"version-history":[{"count":1,"href":"https:\/\/elradar.info\/index.php?rest_route=\/wp\/v2\/posts\/31690\/revisions"}],"predecessor-version":[{"id":31694,"href":"https:\/\/elradar.info\/index.php?rest_route=\/wp\/v2\/posts\/31690\/revisions\/31694"}],"wp:featuredmedia":[{"embeddable":true,"href":"https:\/\/elradar.info\/index.php?rest_route=\/wp\/v2\/media\/31693"}],"wp:attachment":[{"href":"https:\/\/elradar.info\/index.php?rest_route=%2Fwp%2Fv2%2Fmedia&parent=31690"}],"wp:term":[{"taxonomy":"category","embeddable":true,"href":"https:\/\/elradar.info\/index.php?rest_route=%2Fwp%2Fv2%2Fcategories&post=31690"},{"taxonomy":"post_tag","embeddable":true,"href":"https:\/\/elradar.info\/index.php?rest_route=%2Fwp%2Fv2%2Ftags&post=31690"}],"curies":[{"name":"wp","href":"https:\/\/api.w.org\/{rel}","templated":true}]}}