{"id":31794,"date":"2022-12-07T15:53:54","date_gmt":"2022-12-07T19:53:54","guid":{"rendered":"http:\/\/elradar.info\/?p=31794"},"modified":"2024-02-01T12:12:00","modified_gmt":"2024-02-01T16:12:00","slug":"eva-copa-fue-elegida-por-la-bbc-como-una-de-las-100-mujeres-del-ano","status":"publish","type":"post","link":"https:\/\/elradar.info\/?p=31794","title":{"rendered":"<strong>Eva Copa fue elegida por la BBC como una de las 100 mujeres del a\u00f1o<\/strong>"},"content":{"rendered":"\n<p>La cadena brit\u00e1nica de noticias BBC public\u00f3 la lista de las 100 mujeres del a\u00f1o y, entre ellas, se encuentra la alcaldesa Eva Copa quien, seg\u00fan la BBC, est\u00e1 \u201c<em>sacudiendo la pol\u00edtica boliviana<\/em>\u201d.<\/p>\n\n\n\n<p>En la descripci\u00f3n de la lista de las 100 elegidas, puede leerse lo siguiente sobre la autoridad alte\u00f1a:<\/p>\n\n\n\n<p><em>\u201cEva Copa, antigua dirigente estudiantil de ascendencia aymara, est\u00e1 sacudiendo la pol\u00edtica boliviana. Tras fracasar en su intento de ganar la nominaci\u00f3n de su partido (MAS) para la alcald\u00eda de El Alto, la segunda ciudad m\u00e1s grande del pa\u00eds, se present\u00f3 contra el candidato de su partido y gan\u00f3 con el 69% de los votos. Recientemente ha anunciado el plan de la ciudad para las mujeres, cuyo objetivo ser\u00e1 reforzar los derechos de las mujeres mediante pol\u00edticas e inversiones&#8221;.<\/em><\/p>\n\n\n\n<p>Copa se encuentra entre mujeres activistas, atletas, pol\u00edticas, cient\u00edficas y otras cuya labor cobr\u00f3 importancia en 2022, as\u00ed est\u00e1n Yulimar Rojas, la atleta venezolana, la actriz norteamericana Selma Blair, la ingeniera aeron\u00e1utica india, Sirisha Bandla, entre otras.<\/p>\n\n\n\n<p>Eva Copa tambi\u00e9n fue elegida por la revista Time como una de las 100 l\u00edderes emergentes en una lista publicada en octubre de este a\u00f1o.<\/p>\n","protected":false},"excerpt":{"rendered":"<p>La cadena brit\u00e1nica de noticias BBC public\u00f3 la lista de las 100 mujeres del a\u00f1o y, entre ellas, se encuentra la alcaldesa Eva Copa quien, seg\u00fan la BBC, est\u00e1 \u201csacudiendo la pol\u00edtica boliviana\u201d. En la descripci\u00f3n de la lista de las 100 elegidas, puede leerse lo siguiente sobre la autoridad alte\u00f1a: \u201cEva Copa, antigua dirigente estudiantil de ascendencia aymara, est\u00e1 sacudiendo la pol\u00edtica boliviana. Tras fracasar en su intento de ganar la nominaci\u00f3n de su partido (MAS) para la alcald\u00eda de El Alto, la segunda ciudad m\u00e1s grande del pa\u00eds, se present\u00f3 contra el candidato de su partido y gan\u00f3<\/p>\n","protected":false},"author":2,"featured_media":31799,"comment_status":"closed","ping_status":"open","sticky":false,"template":"","format":"standard","meta":{"_seopress_robots_primary_cat":"none","_seopress_titles_title":"","_seopress_titles_desc":"","_seopress_robots_index":"","_jetpack_memberships_contains_paid_content":false,"footnotes":""},"categories":[107],"tags":[5645,5644,274,113,247],"class_list":["post-31794","post","type-post","status-publish","format-standard","has-post-thumbnail","hentry","category-internacional","tag-100-mujeres-del-ano","tag-bbc","tag-eva-copa","tag-internacional","tag-politica"],"jetpack_featured_media_url":"https:\/\/elradar.info\/wp-content\/uploads\/2022\/12\/copa0712.png","jetpack_sharing_enabled":true,"amp_enabled":true,"_links":{"self":[{"href":"https:\/\/elradar.info\/index.php?rest_route=\/wp\/v2\/posts\/31794","targetHints":{"allow":["GET"]}}],"collection":[{"href":"https:\/\/elradar.info\/index.php?rest_route=\/wp\/v2\/posts"}],"about":[{"href":"https:\/\/elradar.info\/index.php?rest_route=\/wp\/v2\/types\/post"}],"author":[{"embeddable":true,"href":"https:\/\/elradar.info\/index.php?rest_route=\/wp\/v2\/users\/2"}],"replies":[{"embeddable":true,"href":"https:\/\/elradar.info\/index.php?rest_route=%2Fwp%2Fv2%2Fcomments&post=31794"}],"version-history":[{"count":1,"href":"https:\/\/elradar.info\/index.php?rest_route=\/wp\/v2\/posts\/31794\/revisions"}],"predecessor-version":[{"id":31798,"href":"https:\/\/elradar.info\/index.php?rest_route=\/wp\/v2\/posts\/31794\/revisions\/31798"}],"wp:featuredmedia":[{"embeddable":true,"href":"https:\/\/elradar.info\/index.php?rest_route=\/wp\/v2\/media\/31799"}],"wp:attachment":[{"href":"https:\/\/elradar.info\/index.php?rest_route=%2Fwp%2Fv2%2Fmedia&parent=31794"}],"wp:term":[{"taxonomy":"category","embeddable":true,"href":"https:\/\/elradar.info\/index.php?rest_route=%2Fwp%2Fv2%2Fcategories&post=31794"},{"taxonomy":"post_tag","embeddable":true,"href":"https:\/\/elradar.info\/index.php?rest_route=%2Fwp%2Fv2%2Ftags&post=31794"}],"curies":[{"name":"wp","href":"https:\/\/api.w.org\/{rel}","templated":true}]}}