{"id":31964,"date":"2022-12-12T16:34:22","date_gmt":"2022-12-12T20:34:22","guid":{"rendered":"http:\/\/elradar.info\/?p=31964"},"modified":"2024-02-01T12:11:58","modified_gmt":"2024-02-01T16:11:58","slug":"fam-asegura-que-el-pge-2023-preve-el-incremento-de-transferencias-a-los-municipios","status":"publish","type":"post","link":"https:\/\/elradar.info\/?p=31964","title":{"rendered":"<strong>FAM asegura que el PGE 2023 prev\u00e9 el incremento de transferencias a los municipios<\/strong>"},"content":{"rendered":"\n<p>La Federaci\u00f3n de Asociaciones Municipales (FAM) Bolivia convoc\u00f3 a los parlamentarios de la Asamblea Legislativa \u201cactuar con responsabilidad\u201d en la aprobaci\u00f3n del Presupuesto General del Estado (PGE) 2023 ya que beneficia directamente a los municipios con el incremento de las transferencias y con el posible aumento en la coparticipaci\u00f3n tributaria.<\/p>\n\n\n\n<p><em>\u201cNuestro llamado (a asamble\u00edstas) es para construir concertaci\u00f3n democr\u00e1tica y actuar con responsabilidad sobre la aprobaci\u00f3n de la ley del PGE 2023. Este instrumento beneficia directamente a los municipios del pa\u00eds, puesto que incrementa las transferencias en un 3,9% inicialmente, con la posibilidad de alcanzar 13% de incremento en coparticipaci\u00f3n como en 2022\u201d,<\/em> explic\u00f3 la instituci\u00f3n en un comunicado.<\/p>\n\n\n\n<p>De acuerdo con el an\u00e1lisis de la FAM, el PGE refleja la estabilidad econ\u00f3mica del pa\u00eds con indicadores macroecon\u00f3micos alentadores, baja inflaci\u00f3n, crecimiento, sostenido, redistribuci\u00f3n y mayor recaudaci\u00f3n tributaria y \u201cgenerando un escenario de certezas\u201d para la econom\u00eda de las familias bolivianas.<\/p>\n\n\n\n<p>El Ministerio de Econom\u00eda inform\u00f3 que el proyecto de ley del PGE 2023, que actualmente se encuentra en la C\u00e1mara de Diputados para su tratamiento y aprobaci\u00f3n, prev\u00e9 un crecimiento del Producto Interno Bruto (PIB) de 4,86%, una inflaci\u00f3n de 3,57%, y el tipo de cambio sin variaci\u00f3n.<\/p>\n\n\n\n<p>La sesi\u00f3n de la C\u00e1mara de Diputados para el tratamiento del proyecto de Ley del PGE 2023 deb\u00eda reinstalarse la tarde del jueves pasado, pero fue aplazada hasta las 18.00 de este martes.<\/p>\n","protected":false},"excerpt":{"rendered":"<p>La Federaci\u00f3n de Asociaciones Municipales (FAM) Bolivia convoc\u00f3 a los parlamentarios de la Asamblea Legislativa \u201cactuar con responsabilidad\u201d en la aprobaci\u00f3n del Presupuesto General del Estado (PGE) 2023 ya que beneficia directamente a los municipios con el incremento de las transferencias y con el posible aumento en la coparticipaci\u00f3n tributaria. \u201cNuestro llamado (a asamble\u00edstas) es para construir concertaci\u00f3n democr\u00e1tica y actuar con responsabilidad sobre la aprobaci\u00f3n de la ley del PGE 2023. Este instrumento beneficia directamente a los municipios del pa\u00eds, puesto que incrementa las transferencias en un 3,9% inicialmente, con la posibilidad de alcanzar 13% de incremento en coparticipaci\u00f3n<\/p>\n","protected":false},"author":2,"featured_media":31967,"comment_status":"closed","ping_status":"open","sticky":false,"template":"","format":"standard","meta":{"_seopress_robots_primary_cat":"none","_seopress_titles_title":"","_seopress_titles_desc":"","_seopress_robots_index":"","_jetpack_memberships_contains_paid_content":false,"footnotes":""},"categories":[103],"tags":[109,3867,5508,1094,5675],"class_list":["post-31964","post","type-post","status-publish","format-standard","has-post-thumbnail","hentry","category-nacional","tag-bolivia","tag-fam","tag-municipios","tag-nacional","tag-pge"],"jetpack_featured_media_url":"https:\/\/elradar.info\/wp-content\/uploads\/2022\/12\/1200px-Palacio_Consistorial_-_Fachada.jpg","jetpack_sharing_enabled":true,"amp_enabled":true,"_links":{"self":[{"href":"https:\/\/elradar.info\/index.php?rest_route=\/wp\/v2\/posts\/31964","targetHints":{"allow":["GET"]}}],"collection":[{"href":"https:\/\/elradar.info\/index.php?rest_route=\/wp\/v2\/posts"}],"about":[{"href":"https:\/\/elradar.info\/index.php?rest_route=\/wp\/v2\/types\/post"}],"author":[{"embeddable":true,"href":"https:\/\/elradar.info\/index.php?rest_route=\/wp\/v2\/users\/2"}],"replies":[{"embeddable":true,"href":"https:\/\/elradar.info\/index.php?rest_route=%2Fwp%2Fv2%2Fcomments&post=31964"}],"version-history":[{"count":1,"href":"https:\/\/elradar.info\/index.php?rest_route=\/wp\/v2\/posts\/31964\/revisions"}],"predecessor-version":[{"id":31968,"href":"https:\/\/elradar.info\/index.php?rest_route=\/wp\/v2\/posts\/31964\/revisions\/31968"}],"wp:featuredmedia":[{"embeddable":true,"href":"https:\/\/elradar.info\/index.php?rest_route=\/wp\/v2\/media\/31967"}],"wp:attachment":[{"href":"https:\/\/elradar.info\/index.php?rest_route=%2Fwp%2Fv2%2Fmedia&parent=31964"}],"wp:term":[{"taxonomy":"category","embeddable":true,"href":"https:\/\/elradar.info\/index.php?rest_route=%2Fwp%2Fv2%2Fcategories&post=31964"},{"taxonomy":"post_tag","embeddable":true,"href":"https:\/\/elradar.info\/index.php?rest_route=%2Fwp%2Fv2%2Ftags&post=31964"}],"curies":[{"name":"wp","href":"https:\/\/api.w.org\/{rel}","templated":true}]}}