{"id":32002,"date":"2022-12-13T14:23:19","date_gmt":"2022-12-13T18:23:19","guid":{"rendered":"http:\/\/elradar.info\/?p=32002"},"modified":"2024-02-01T12:11:57","modified_gmt":"2024-02-01T16:11:57","slug":"abren-comedor-popular-en-el-alto-para-personas-en-situacion-de-calle-con-un-costo-de-bs1-el-almuerzo","status":"publish","type":"post","link":"https:\/\/elradar.info\/?p=32002","title":{"rendered":"<strong>Abren comedor popular en El Alto para personas en situaci\u00f3n de calle con un costo de Bs1 el almuerzo<\/strong>"},"content":{"rendered":"\n<p>La Alcald\u00eda de El Alto abri\u00f3 este lunes un comedor popular en la zona Rosas Pampa, por un boliviano, las personas en situaci\u00f3n de calle tienen la posibilidad de degustar un delicioso almuerzo. La atenci\u00f3n es de lunes a viernes de 09:00 a 14:00 y tambi\u00e9n se ofrecen servicios de salud.<\/p>\n\n\n\n<p><em>\u201cEs un programa del Gobierno Municipal que va en beneficio de los ni\u00f1os, adolescentes, mujeres, adultos en situaci\u00f3n cr\u00edtica. Ahora hacemos la invitaci\u00f3n para que puedan pasar a la zona Rosas Pampa, donde habr\u00e1 atenci\u00f3n multidisciplinaria\u201d,<\/em> indic\u00f3 el secretario municipal de Desarrollo Humano y Social Integral, Edgar A\u00f1aguaya.<\/p>\n\n\n\n<p>Cinco empresas y comerciantes del mercado de Villa Dolores, del sector Sapahaqui, se sumaron a la iniciativa de la Alcald\u00eda que se denomina \u201cPrograma Calle\u201d.<\/p>\n\n\n\n<p>El centro edil alista un men\u00fa especial para las fiesta de fin de a\u00f1o que incluye un plato de lech\u00f3n o picana por el mismo precio.<\/p>\n","protected":false},"excerpt":{"rendered":"<p>La Alcald\u00eda de El Alto abri\u00f3 este lunes un comedor popular en la zona Rosas Pampa, por un boliviano, las personas en situaci\u00f3n de calle tienen la posibilidad de degustar un delicioso almuerzo. La atenci\u00f3n es de lunes a viernes de 09:00 a 14:00 y tambi\u00e9n se ofrecen servicios de salud. \u201cEs un programa del Gobierno Municipal que va en beneficio de los ni\u00f1os, adolescentes, mujeres, adultos en situaci\u00f3n cr\u00edtica. Ahora hacemos la invitaci\u00f3n para que puedan pasar a la zona Rosas Pampa, donde habr\u00e1 atenci\u00f3n multidisciplinaria\u201d, indic\u00f3 el secretario municipal de Desarrollo Humano y Social Integral, Edgar A\u00f1aguaya. Cinco<\/p>\n","protected":false},"author":2,"featured_media":32005,"comment_status":"closed","ping_status":"open","sticky":false,"template":"","format":"standard","meta":{"_seopress_robots_primary_cat":"none","_seopress_titles_title":"","_seopress_titles_desc":"","_seopress_robots_index":"","_jetpack_memberships_contains_paid_content":false,"footnotes":""},"categories":[103],"tags":[5699,109,5697,401,293,5069,5698],"class_list":["post-32002","post","type-post","status-publish","format-standard","has-post-thumbnail","hentry","category-nacional","tag-almuerzo","tag-bolivia","tag-comedor-popular","tag-el-alto","tag-la-paz","tag-personas","tag-situacion-de-calle"],"jetpack_featured_media_url":"https:\/\/elradar.info\/wp-content\/uploads\/2022\/12\/comedor.jpg","jetpack_sharing_enabled":true,"amp_enabled":true,"_links":{"self":[{"href":"https:\/\/elradar.info\/index.php?rest_route=\/wp\/v2\/posts\/32002","targetHints":{"allow":["GET"]}}],"collection":[{"href":"https:\/\/elradar.info\/index.php?rest_route=\/wp\/v2\/posts"}],"about":[{"href":"https:\/\/elradar.info\/index.php?rest_route=\/wp\/v2\/types\/post"}],"author":[{"embeddable":true,"href":"https:\/\/elradar.info\/index.php?rest_route=\/wp\/v2\/users\/2"}],"replies":[{"embeddable":true,"href":"https:\/\/elradar.info\/index.php?rest_route=%2Fwp%2Fv2%2Fcomments&post=32002"}],"version-history":[{"count":1,"href":"https:\/\/elradar.info\/index.php?rest_route=\/wp\/v2\/posts\/32002\/revisions"}],"predecessor-version":[{"id":32006,"href":"https:\/\/elradar.info\/index.php?rest_route=\/wp\/v2\/posts\/32002\/revisions\/32006"}],"wp:featuredmedia":[{"embeddable":true,"href":"https:\/\/elradar.info\/index.php?rest_route=\/wp\/v2\/media\/32005"}],"wp:attachment":[{"href":"https:\/\/elradar.info\/index.php?rest_route=%2Fwp%2Fv2%2Fmedia&parent=32002"}],"wp:term":[{"taxonomy":"category","embeddable":true,"href":"https:\/\/elradar.info\/index.php?rest_route=%2Fwp%2Fv2%2Fcategories&post=32002"},{"taxonomy":"post_tag","embeddable":true,"href":"https:\/\/elradar.info\/index.php?rest_route=%2Fwp%2Fv2%2Ftags&post=32002"}],"curies":[{"name":"wp","href":"https:\/\/api.w.org\/{rel}","templated":true}]}}