{"id":32202,"date":"2022-12-19T15:58:23","date_gmt":"2022-12-19T19:58:23","guid":{"rendered":"http:\/\/elradar.info\/?p=32202"},"modified":"2024-02-01T12:11:54","modified_gmt":"2024-02-01T16:11:54","slug":"organizaciones-y-pacto-de-unidad-potosino-manifiestan-su-apoyo-a-luis-arce-y-david-choquehuanca","status":"publish","type":"post","link":"https:\/\/elradar.info\/?p=32202","title":{"rendered":"<strong>Organizaciones y Pacto de Unidad Potosino manifiestan su apoyo a Luis Arce y David Choquehuanca<\/strong>"},"content":{"rendered":"\n<p>A la cabeza del Pacto de Unidad Potosino, varias organizaciones sociales de ese departamento dieron a conocer una resoluci\u00f3n de seis puntos, en los cuales manifiestan su apoyo al gobierno democr\u00e1ticamente electo de Luis Arce Catacora.<\/p>\n\n\n\n<p><em>\u201cDe manera categ\u00f3rica y unificada, la \u201c4\u201d Regiones, las \u201c16\u201d Provincias, los \u201c41\u201d Municipios del Departamento de Potos\u00ed; respaldamos y apoyamos a nuestro Binomio, Presidente LUIS ALBERTO ARCE CATACORA y Vicepresidente DAVID CHOQUEHUANCA C\u00c9SPEDES; por ser Nuestro Gobierno del Estado Plurinacional de Bolivia, leg\u00edtimamente elegido a nivel nacional, con votaci\u00f3n democr\u00e1tica en urnas con m\u00e1s del 55% el 18 de octubre de 2020\u201d,<\/em> expresa la resoluci\u00f3n.<\/p>\n\n\n\n<p>En cuanto a los puntos de la misma, como segundo se exige el esclarecimiento de las irregularidades en la compra de 41 ambulancias, se pide a los senadores del \u201cala evista\u201d de la Asamblea a deponer actitudes y aprobar las leyes que vayan en beneficio del pa\u00eds, se pide la calificaci\u00f3n y evaluaci\u00f3n de las instituciones y funcionarios p\u00fablicos. Tambi\u00e9n se da a conocer la creaci\u00f3n de la Coordinadora en Defensa de los Recursos Naturales y la declaraci\u00f3n de \u201cestado de emergencia\u201d de las organizaciones afiliadas.<\/p>\n\n\n\n<p><em>\u201c(&#8230;) nos declaramos en ESTADO DE EMERGENCIA y no descartamos asumir medidas de presi\u00f3n que el caso amerite en defensa de nuestro Binomio LUCHO y DAVID, democr\u00e1ticamente elegido en el Estado Plurinacional de Bolivia\u201d, <\/em>finaliza la resoluci\u00f3n.<\/p>\n","protected":false},"excerpt":{"rendered":"<p>A la cabeza del Pacto de Unidad Potosino, varias organizaciones sociales de ese departamento dieron a conocer una resoluci\u00f3n de seis puntos, en los cuales manifiestan su apoyo al gobierno democr\u00e1ticamente electo de Luis Arce Catacora. \u201cDe manera categ\u00f3rica y unificada, la \u201c4\u201d Regiones, las \u201c16\u201d Provincias, los \u201c41\u201d Municipios del Departamento de Potos\u00ed; respaldamos y apoyamos a nuestro Binomio, Presidente LUIS ALBERTO ARCE CATACORA y Vicepresidente DAVID CHOQUEHUANCA C\u00c9SPEDES; por ser Nuestro Gobierno del Estado Plurinacional de Bolivia, leg\u00edtimamente elegido a nivel nacional, con votaci\u00f3n democr\u00e1tica en urnas con m\u00e1s del 55% el 18 de octubre de 2020\u201d, expresa<\/p>\n","protected":false},"author":2,"featured_media":32205,"comment_status":"closed","ping_status":"open","sticky":false,"template":"","format":"standard","meta":{"_seopress_robots_primary_cat":"none","_seopress_titles_title":"","_seopress_titles_desc":"","_seopress_robots_index":"","_jetpack_memberships_contains_paid_content":false,"footnotes":""},"categories":[103],"tags":[748,144,132,2809,1242,878],"class_list":["post-32202","post","type-post","status-publish","format-standard","has-post-thumbnail","hentry","category-nacional","tag-apoyo","tag-david-choquehuanca","tag-luis-arce","tag-organizaciones-sociales","tag-pacto-de-unidad","tag-potosi"],"jetpack_featured_media_url":"https:\/\/elradar.info\/wp-content\/uploads\/2022\/12\/Screenshot_2021-05-07_Luis_Arce_Catacora_Lucho_Arce__LuchoXBolivia_Twitter.png","jetpack_sharing_enabled":true,"amp_enabled":true,"_links":{"self":[{"href":"https:\/\/elradar.info\/index.php?rest_route=\/wp\/v2\/posts\/32202","targetHints":{"allow":["GET"]}}],"collection":[{"href":"https:\/\/elradar.info\/index.php?rest_route=\/wp\/v2\/posts"}],"about":[{"href":"https:\/\/elradar.info\/index.php?rest_route=\/wp\/v2\/types\/post"}],"author":[{"embeddable":true,"href":"https:\/\/elradar.info\/index.php?rest_route=\/wp\/v2\/users\/2"}],"replies":[{"embeddable":true,"href":"https:\/\/elradar.info\/index.php?rest_route=%2Fwp%2Fv2%2Fcomments&post=32202"}],"version-history":[{"count":1,"href":"https:\/\/elradar.info\/index.php?rest_route=\/wp\/v2\/posts\/32202\/revisions"}],"predecessor-version":[{"id":32206,"href":"https:\/\/elradar.info\/index.php?rest_route=\/wp\/v2\/posts\/32202\/revisions\/32206"}],"wp:featuredmedia":[{"embeddable":true,"href":"https:\/\/elradar.info\/index.php?rest_route=\/wp\/v2\/media\/32205"}],"wp:attachment":[{"href":"https:\/\/elradar.info\/index.php?rest_route=%2Fwp%2Fv2%2Fmedia&parent=32202"}],"wp:term":[{"taxonomy":"category","embeddable":true,"href":"https:\/\/elradar.info\/index.php?rest_route=%2Fwp%2Fv2%2Fcategories&post=32202"},{"taxonomy":"post_tag","embeddable":true,"href":"https:\/\/elradar.info\/index.php?rest_route=%2Fwp%2Fv2%2Ftags&post=32202"}],"curies":[{"name":"wp","href":"https:\/\/api.w.org\/{rel}","templated":true}]}}